{"id":10947,"date":"2024-01-24T00:00:00","date_gmt":"2024-01-24T03:00:00","guid":{"rendered":"https:\/\/ultimato.com.br\/sites\/devocional-diaria\/?p=10947"},"modified":"2024-01-10T07:38:22","modified_gmt":"2024-01-10T10:38:22","slug":"o-refugio-secreto-3","status":"publish","type":"post","link":"https:\/\/ultimato.com.br\/sites\/devocional-diaria\/2024\/01\/24\/autor\/elben-cesar\/o-refugio-secreto-3\/","title":{"rendered":"O ref\u00fagio secreto"},"content":{"rendered":"<p>Tu, \u00f3 Deus, \u00e9s o meu alto ref\u00fagio. (Sl 59.9)<\/p>\n<p>O ref\u00fagio n\u00e3o \u00e9 o por\u00e3o ou o s\u00f3t\u00e3o de uma casa, n\u00e3o \u00e9 aquele quarto sem porta e sem janela escondido atr\u00e1s de uma estante, n\u00e3o \u00e9 uma redoma de vidro inquebr\u00e1vel, n\u00e3o \u00e9 uma caverna \u00e0 beira do mar, n\u00e3o \u00e9 o cume da montanha mais alta nem o mais profundo abismo, n\u00e3o \u00e9 o abrigo subter\u00adr\u00e2neo em tempos de guerra. &nbsp;<\/p>\n<p>Para o salmista, o ref\u00fagio \u00e9 o Senhor: \u201c\u00d3 Deus, \u00e9s o meu alto ref\u00fagio\u201d (Sl 59.9). Chama-se de ref\u00fagio secreto porque n\u00e3o \u00e9 um lugar f\u00edsico. \u00c9 um ref\u00fagio baseado no relacionamento da cria\u00e7\u00e3o com o Criador, do vis\u00edvel com o Invis\u00edvel, do pecador com o Santo, do perdoado com o Perdoador. Um ref\u00fagio subjetivo, pessoal e intransfer\u00edvel. &nbsp;<\/p>\n<p>\u201cComo \u00e9 feliz o homem que nele se refugia!\u201d, exclama o salmista, para depois acrescentar: \u201cNingu\u00e9m que nele se refugia ser\u00e1 condenado\u201d (Sl 34.8, 22). &nbsp;<\/p>\n<p>A vida vitoriosa, sem altos e baixos em demasia, sem desvios e esc\u00e2n\u00addalos, sem legalismo e permissividade, depende do ref\u00fagio secreto. \u00c9 ali que a alma bebe da \u00e1gua viva e se alimenta do p\u00e3o do c\u00e9u, \u00e9 ali que ela se reabastece numa sequ\u00eancia perfeita depois de qualquer esfor\u00e7o e de qualquer diminui\u00e7\u00e3o, \u00e9 ali que ela aprende a n\u00e3o ter medo.<strong>&nbsp;<\/strong><\/p>\n<p><strong>&nbsp;<\/strong><\/p>\n<p><strong>&gt;&gt; Retirado de&nbsp;<\/strong><a href=\"https:\/\/loja.ultimato.com.br\/livros\/um-ano-com-os-salmos-2ed\"><strong><em>Um Ano com os Salmos<\/em><\/strong><\/a><strong> [Elben C\u00e9sar]. <\/strong><strong>Editora Ultimato.<\/strong><strong>&nbsp;<\/strong><\/p>\n<p>Ou\u00e7a e compartilhe nossas devocionais pelo <a href=\"https:\/\/open.spotify.com\/show\/7CG8DL9dgWZEgPzX3rnk51?si=1dbGejI2TQS16eamNjb2rA\">Spotify<\/a>!<\/p>\n<p><iframe loading=\"lazy\" style=\"border-radius: 12px;\" src=\"https:\/\/open.spotify.com\/embed\/show\/7CG8DL9dgWZEgPzX3rnk51?utm_source=generator&amp;theme=0\" width=\"100%\" height=\"152\" frameborder=\"0\" allowfullscreen=\"allowfullscreen\"><\/iframe>&nbsp;<\/p>\n<p>&nbsp;<\/p>\n","protected":false},"excerpt":{"rendered":"<p>Tu, \u00f3 Deus, \u00e9s o meu alto ref\u00fagio. (Sl 59.9) O ref\u00fagio n\u00e3o \u00e9 o por\u00e3o ou o s\u00f3t\u00e3o de uma casa, n\u00e3o \u00e9 aquele quarto sem porta e sem janela escondido atr\u00e1s de uma estante, n\u00e3o \u00e9 uma redoma de vidro inquebr\u00e1vel, n\u00e3o \u00e9 uma caverna \u00e0 beira do mar, n\u00e3o \u00e9 o cume [&hellip;]<\/p>\n","protected":false},"author":21,"featured_media":163,"comment_status":"open","ping_status":"open","sticky":false,"template":"","format":"standard","meta":{"ngg_post_thumbnail":0,"footnotes":""},"categories":[5478],"tags":[],"class_list":["post-10947","post","type-post","status-publish","format-standard","has-post-thumbnail","hentry","category-elben-cesar"],"publishpress_future_action":{"enabled":false,"date":"2026-05-04 15:00:21","action":"change-status","newStatus":"draft","terms":[],"taxonomy":"category","extraData":[]},"publishpress_future_workflow_manual_trigger":{"enabledWorkflows":[]},"_links":{"self":[{"href":"https:\/\/ultimato.com.br\/sites\/devocional-diaria\/wp-json\/wp\/v2\/posts\/10947","targetHints":{"allow":["GET"]}}],"collection":[{"href":"https:\/\/ultimato.com.br\/sites\/devocional-diaria\/wp-json\/wp\/v2\/posts"}],"about":[{"href":"https:\/\/ultimato.com.br\/sites\/devocional-diaria\/wp-json\/wp\/v2\/types\/post"}],"author":[{"embeddable":true,"href":"https:\/\/ultimato.com.br\/sites\/devocional-diaria\/wp-json\/wp\/v2\/users\/21"}],"replies":[{"embeddable":true,"href":"https:\/\/ultimato.com.br\/sites\/devocional-diaria\/wp-json\/wp\/v2\/comments?post=10947"}],"version-history":[{"count":1,"href":"https:\/\/ultimato.com.br\/sites\/devocional-diaria\/wp-json\/wp\/v2\/posts\/10947\/revisions"}],"predecessor-version":[{"id":10948,"href":"https:\/\/ultimato.com.br\/sites\/devocional-diaria\/wp-json\/wp\/v2\/posts\/10947\/revisions\/10948"}],"wp:featuredmedia":[{"embeddable":true,"href":"https:\/\/ultimato.com.br\/sites\/devocional-diaria\/wp-json\/wp\/v2\/media\/163"}],"wp:attachment":[{"href":"https:\/\/ultimato.com.br\/sites\/devocional-diaria\/wp-json\/wp\/v2\/media?parent=10947"}],"wp:term":[{"taxonomy":"category","embeddable":true,"href":"https:\/\/ultimato.com.br\/sites\/devocional-diaria\/wp-json\/wp\/v2\/categories?post=10947"},{"taxonomy":"post_tag","embeddable":true,"href":"https:\/\/ultimato.com.br\/sites\/devocional-diaria\/wp-json\/wp\/v2\/tags?post=10947"}],"curies":[{"name":"wp","href":"https:\/\/api.w.org\/{rel}","templated":true}]}}