{"id":10945,"date":"2024-01-30T00:00:50","date_gmt":"2024-01-30T03:00:50","guid":{"rendered":"https:\/\/ultimato.com.br\/sites\/devocional-diaria\/?p=10945"},"modified":"2024-01-18T10:20:38","modified_gmt":"2024-01-18T13:20:38","slug":"nada-de-idolos-4","status":"publish","type":"post","link":"https:\/\/ultimato.com.br\/sites\/devocional-diaria\/2024\/01\/30\/autor\/j-i-packer\/nada-de-idolos-4\/","title":{"rendered":"Nada de \u00eddolos"},"content":{"rendered":"<p>N\u00e3o far\u00e1s para ti nenhum \u00eddolo. (\u00caxodo 20.4)<\/p>\n<p>O prop\u00f3sito do segundo mandamento \u00e9 bem claro. Negativamente, \u00e9 uma advert\u00eancia contra toda forma de adora\u00e7\u00e3o e pr\u00e1tica religiosa que leve a desonrar a Deus e falsificar sua verdade. Positivamente, \u00e9 uma convoca\u00e7\u00e3o para reconhecer que Deus, o Criador, \u00e9 transcendente, misterioso e inescrut\u00e1vel, al\u00e9m de qualquer imagina\u00e7\u00e3o ou conjectura filos\u00f3fica que sejamos capazes de elaborar. Por esta raz\u00e3o, este mandamento nos convoca a humilhar-nos a n\u00f3s mesmos, a escutar e aprender de Deus permitindo que ele nos ensine a conhec\u00ea-lo e a pensarmos corretamente sobre ele.<\/p>\n<p>Deus n\u00e3o \u00e9 do mesmo tipo de pessoa que n\u00f3s. Sua sabe\u00addoria, seus prop\u00f3sitos, sua escala de valores e procedimentos diferem tanto dos nossos que jamais poder\u00edamos comparar os nossos caminhos com os de Deus, nem deduzi-los a partir da nossa no\u00e7\u00e3o de humanidade ideal. \u201cPois os meus pensamen\u00adtos n\u00e3o s\u00e3o os pensamentos de voc\u00eas\u201d, Deus nos fala, \u201cnem os seus caminhos s\u00e3o os meus caminhos\u201d, porque \u201cassim como os c\u00e9us s\u00e3o mais altos do que a terra, tamb\u00e9m os meus caminhos s\u00e3o mais altos do que os seus caminhos, e os meus pensamentos, mais altos do que os seus pensamentos\u201d (Is 55.8-9).&nbsp;<\/p>\n<p>Para refletir: Reflita sobre o segundo mandamento e como voc\u00ea o est\u00e1 praticando (ou negligenciando).<strong>&nbsp;<\/strong><\/p>\n<p><strong>&nbsp;<\/strong><\/p>\n<p><strong>&gt;&gt; Retirado de&nbsp;<\/strong><a href=\"https:\/\/loja.ultimato.com.br\/livros\/conhecendo-a-deus-ao-longo-do-ano\"><strong>Conhecendo a Deus ao Longo do Ano<\/strong><\/a><strong> [J. I. P<\/strong><strong>acker]<\/strong><strong>. <\/strong><strong>Editora Ultimato.<\/strong><\/p>\n<p>Ou\u00e7a as nossas devocionais pelo <a href=\"https:\/\/open.spotify.com\/show\/7CG8DL9dgWZEgPzX3rnk51?si=1dbGejI2TQS16eamNjb2rA\">Spotify<\/a>!<\/p>\n<p><iframe loading=\"lazy\" style=\"border-radius: 12px;\" src=\"https:\/\/open.spotify.com\/embed\/show\/7CG8DL9dgWZEgPzX3rnk51?utm_source=generator&amp;theme=0\" width=\"100%\" height=\"152\" frameborder=\"0\" allowfullscreen=\"allowfullscreen\"><\/iframe><\/p>\n","protected":false},"excerpt":{"rendered":"<p>N\u00e3o far\u00e1s para ti nenhum \u00eddolo. (\u00caxodo 20.4) O prop\u00f3sito do segundo mandamento \u00e9 bem claro. Negativamente, \u00e9 uma advert\u00eancia contra toda forma de adora\u00e7\u00e3o e pr\u00e1tica religiosa que leve a desonrar a Deus e falsificar sua verdade. Positivamente, \u00e9 uma convoca\u00e7\u00e3o para reconhecer que Deus, o Criador, \u00e9 transcendente, misterioso e inescrut\u00e1vel, al\u00e9m de [&hellip;]<\/p>\n","protected":false},"author":21,"featured_media":164,"comment_status":"open","ping_status":"open","sticky":false,"template":"","format":"standard","meta":{"ngg_post_thumbnail":0,"footnotes":""},"categories":[5655],"tags":[],"class_list":["post-10945","post","type-post","status-publish","format-standard","has-post-thumbnail","hentry","category-j-i-packer"],"publishpress_future_action":{"enabled":false,"date":"2026-05-04 15:14:13","action":"change-status","newStatus":"draft","terms":[],"taxonomy":"category","extraData":[]},"publishpress_future_workflow_manual_trigger":{"enabledWorkflows":[]},"_links":{"self":[{"href":"https:\/\/ultimato.com.br\/sites\/devocional-diaria\/wp-json\/wp\/v2\/posts\/10945","targetHints":{"allow":["GET"]}}],"collection":[{"href":"https:\/\/ultimato.com.br\/sites\/devocional-diaria\/wp-json\/wp\/v2\/posts"}],"about":[{"href":"https:\/\/ultimato.com.br\/sites\/devocional-diaria\/wp-json\/wp\/v2\/types\/post"}],"author":[{"embeddable":true,"href":"https:\/\/ultimato.com.br\/sites\/devocional-diaria\/wp-json\/wp\/v2\/users\/21"}],"replies":[{"embeddable":true,"href":"https:\/\/ultimato.com.br\/sites\/devocional-diaria\/wp-json\/wp\/v2\/comments?post=10945"}],"version-history":[{"count":1,"href":"https:\/\/ultimato.com.br\/sites\/devocional-diaria\/wp-json\/wp\/v2\/posts\/10945\/revisions"}],"predecessor-version":[{"id":10946,"href":"https:\/\/ultimato.com.br\/sites\/devocional-diaria\/wp-json\/wp\/v2\/posts\/10945\/revisions\/10946"}],"wp:featuredmedia":[{"embeddable":true,"href":"https:\/\/ultimato.com.br\/sites\/devocional-diaria\/wp-json\/wp\/v2\/media\/164"}],"wp:attachment":[{"href":"https:\/\/ultimato.com.br\/sites\/devocional-diaria\/wp-json\/wp\/v2\/media?parent=10945"}],"wp:term":[{"taxonomy":"category","embeddable":true,"href":"https:\/\/ultimato.com.br\/sites\/devocional-diaria\/wp-json\/wp\/v2\/categories?post=10945"},{"taxonomy":"post_tag","embeddable":true,"href":"https:\/\/ultimato.com.br\/sites\/devocional-diaria\/wp-json\/wp\/v2\/tags?post=10945"}],"curies":[{"name":"wp","href":"https:\/\/api.w.org\/{rel}","templated":true}]}}