{"id":10941,"date":"2024-01-18T00:00:20","date_gmt":"2024-01-18T03:00:20","guid":{"rendered":"https:\/\/ultimato.com.br\/sites\/devocional-diaria\/?p=10941"},"modified":"2024-01-10T07:20:03","modified_gmt":"2024-01-10T10:20:03","slug":"dia-e-noite-4","status":"publish","type":"post","link":"https:\/\/ultimato.com.br\/sites\/devocional-diaria\/2024\/01\/18\/autor\/elben-cesar\/dia-e-noite-4\/","title":{"rendered":"Dia e noite"},"content":{"rendered":"<p>\u00c0 meia-noite me levanto para dar-te gra\u00e7as pelas tuas justas ordenan\u00e7as. (Sl 119.62)<\/p>\n<p>O relacionamento do autor do Salmo 119 com Deus \u00e9 o dia inteiro, a parte clara e a parte escura. &nbsp;<\/p>\n<p>Come\u00e7a de madrugada: \u201cAntes do amanhecer me levanto\u201d (v. 147). Continua durante o dia: \u201cSete vezes por dia eu te louvo\u201d (v. 164). Reco\u00adme\u00e7a ao escurecer: \u201cDe noite lembro-me do teu nome, Senhor!\u201d (v. 55). Penetra noite a dentro: \u201c\u00c0 meia-noite me levanto para dar-te gra\u00e7as pelas tuas justas ordenan\u00e7as\u201d (v. 62). Ocupa a noite toda: \u201cFico acordado nas vig\u00edlias da noite, para meditar nas tuas promessas\u201d (v. 148). &nbsp;<\/p>\n<p>Nesses encontros o dia inteiro com Deus, o salmista gasta algum tempo se lembrando do nome do Senhor, meditando nas suas promessas, agradecendo a sua presen\u00e7a e adorando-o na beleza da sua santidade. H\u00e1 muita coisa para ser lembrada, h\u00e1 muita coisa em que meditar, h\u00e1 muita coisa para ser agradecida e h\u00e1 muitos motivos de louvor. &nbsp;<\/p>\n<p>\u00c9 certo que ele gastava tempo tamb\u00e9m para confessar pecados, para pedir desculpas, para pedir perd\u00e3o e para suplicar milhares de outras b\u00ean\u00e7\u00e3os. Como, por exemplo: \u201cTrata com bondade o teu servo, Senhor, conforme a tua promessa\u201d (v. 65). &nbsp;<\/p>\n<p>A busca cont\u00ednua do salmista lembra uma passagem do Novo Testa\u00admento e uma pessoa de Jerusal\u00e9m. A passagem est\u00e1 numa das Ep\u00edstolas de Paulo: \u201cOrem continuamente\u201d (1Ts 5.17). A pessoa \u00e9 a profetisa Ana, a vi\u00fava que nunca deixava o templo, mas jejuava, adorava e orava dia e noite (Lc 2.37).<\/p>\n<p>&nbsp;<\/p>\n<p><strong>&gt;&gt; Retirado de&nbsp;<\/strong><a href=\"https:\/\/loja.ultimato.com.br\/livros\/um-ano-com-os-salmos-2ed\"><strong><em>Um Ano com os Salmos<\/em><\/strong><\/a><strong> [Elben C\u00e9sar]. <\/strong><strong>Editora Ultimato.<\/strong><strong>&nbsp;<\/strong><\/p>\n<p>Ou\u00e7a e compartilhe nossas devocionais pelo <a href=\"https:\/\/open.spotify.com\/show\/7CG8DL9dgWZEgPzX3rnk51?si=1dbGejI2TQS16eamNjb2rA\">Spotify<\/a>!<\/p>\n<p><iframe loading=\"lazy\" style=\"border-radius: 12px;\" src=\"https:\/\/open.spotify.com\/embed\/show\/7CG8DL9dgWZEgPzX3rnk51?utm_source=generator&amp;theme=0\" width=\"100%\" height=\"152\" frameborder=\"0\" allowfullscreen=\"allowfullscreen\"><\/iframe>&nbsp;<\/p>\n","protected":false},"excerpt":{"rendered":"<p>\u00c0 meia-noite me levanto para dar-te gra\u00e7as pelas tuas justas ordenan\u00e7as. (Sl 119.62) O relacionamento do autor do Salmo 119 com Deus \u00e9 o dia inteiro, a parte clara e a parte escura. &nbsp; Come\u00e7a de madrugada: \u201cAntes do amanhecer me levanto\u201d (v. 147). Continua durante o dia: \u201cSete vezes por dia eu te louvo\u201d [&hellip;]<\/p>\n","protected":false},"author":21,"featured_media":162,"comment_status":"open","ping_status":"open","sticky":false,"template":"","format":"standard","meta":{"ngg_post_thumbnail":0,"footnotes":""},"categories":[5478],"tags":[],"class_list":["post-10941","post","type-post","status-publish","format-standard","has-post-thumbnail","hentry","category-elben-cesar"],"publishpress_future_action":{"enabled":false,"date":"2026-05-04 15:09:45","action":"change-status","newStatus":"draft","terms":[],"taxonomy":"category","extraData":[]},"publishpress_future_workflow_manual_trigger":{"enabledWorkflows":[]},"_links":{"self":[{"href":"https:\/\/ultimato.com.br\/sites\/devocional-diaria\/wp-json\/wp\/v2\/posts\/10941","targetHints":{"allow":["GET"]}}],"collection":[{"href":"https:\/\/ultimato.com.br\/sites\/devocional-diaria\/wp-json\/wp\/v2\/posts"}],"about":[{"href":"https:\/\/ultimato.com.br\/sites\/devocional-diaria\/wp-json\/wp\/v2\/types\/post"}],"author":[{"embeddable":true,"href":"https:\/\/ultimato.com.br\/sites\/devocional-diaria\/wp-json\/wp\/v2\/users\/21"}],"replies":[{"embeddable":true,"href":"https:\/\/ultimato.com.br\/sites\/devocional-diaria\/wp-json\/wp\/v2\/comments?post=10941"}],"version-history":[{"count":1,"href":"https:\/\/ultimato.com.br\/sites\/devocional-diaria\/wp-json\/wp\/v2\/posts\/10941\/revisions"}],"predecessor-version":[{"id":10942,"href":"https:\/\/ultimato.com.br\/sites\/devocional-diaria\/wp-json\/wp\/v2\/posts\/10941\/revisions\/10942"}],"wp:featuredmedia":[{"embeddable":true,"href":"https:\/\/ultimato.com.br\/sites\/devocional-diaria\/wp-json\/wp\/v2\/media\/162"}],"wp:attachment":[{"href":"https:\/\/ultimato.com.br\/sites\/devocional-diaria\/wp-json\/wp\/v2\/media?parent=10941"}],"wp:term":[{"taxonomy":"category","embeddable":true,"href":"https:\/\/ultimato.com.br\/sites\/devocional-diaria\/wp-json\/wp\/v2\/categories?post=10941"},{"taxonomy":"post_tag","embeddable":true,"href":"https:\/\/ultimato.com.br\/sites\/devocional-diaria\/wp-json\/wp\/v2\/tags?post=10941"}],"curies":[{"name":"wp","href":"https:\/\/api.w.org\/{rel}","templated":true}]}}