{"id":10927,"date":"2024-01-12T00:00:39","date_gmt":"2024-01-12T03:00:39","guid":{"rendered":"https:\/\/ultimato.com.br\/sites\/devocional-diaria\/?p=10927"},"modified":"2023-12-20T07:20:15","modified_gmt":"2023-12-20T10:20:15","slug":"radiografia-da-dor-2","status":"publish","type":"post","link":"https:\/\/ultimato.com.br\/sites\/devocional-diaria\/2024\/01\/12\/autor\/elben-cesar\/radiografia-da-dor-2\/","title":{"rendered":"Radiografia da dor"},"content":{"rendered":"<p>As \u00e1guas subiram at\u00e9 o meu pesco\u00e7o. (Sl 69.1)&nbsp;<\/p>\n<p>Qualquer pedido de socorro dirigido a Deus deve ser acompanhado de uma minuciosa exposi\u00e7\u00e3o do perigo em que a pessoa est\u00e1. O al\u00edvio pode come\u00e7ar na elabora\u00e7\u00e3o de uma lista, pois o sofredor \u00e9 obrigado a trazer de dentro para fora tudo o que o amofina. &nbsp;<\/p>\n<p>Quase todos os salmos s\u00e3o assim. No Salmo 69, por exemplo, o poeta apresenta uma perfeita radiografia da dor: \u201cAs \u00e1guas subiram at\u00e9 o meu pesco\u00e7o\u201d (v. 1); \u201cNas profundezas lamacentas eu me afundo\u201d e \u201cAs correntezas me arrastam\u201d (v. 2); \u201cCansei-me de pedir socorro\u201d (v. 3); \u201cOs que sem raz\u00e3o me odeiam s\u00e3o mais do que os fios de cabelo da minha cabe\u00e7a\u201d (v. 4); \u201cSou objeto de chacota\u201d (v. 11);\u201dEstou em perigo\u201d (v. 17); \u201cEstou em desespero\u201d e \u201cNingu\u00e9m me socorre, ningu\u00e9m me consola\u201d (v. 20); \u201cGrande \u00e9 a minha afli\u00e7\u00e3o e a minha dor\u201d (v. 29). &nbsp;<\/p>\n<p>\u00c9 preciso gastar mais tempo com esse exerc\u00edcio de mem\u00f3ria do que com a s\u00faplica propriamente dita. \u00c9 preciso vasculhar todos os escaninhos do cora\u00e7\u00e3o para achar a dor e traz\u00ea-la para o lado de fora. Essa investiga\u00e7\u00e3o interna facilita a ora\u00e7\u00e3o e torna-a precisa. No caso do salmo citado, o poeta faz as seguintes s\u00faplicas: \u201cSalva-me \u00f3 Deus\u201d (v. 1); \u201cTira-me do atoleiro\u201d, \u201cN\u00e3o me deixes afundar\u201d e \u201cLiberta-me dos que me odeiam e das \u00e1guas profundas\u201d (v. 14); \u201cResponde-me depressa\u201d (v. 17); \u201cAproxima-te e resgata-me\u201d (v. 18). &nbsp;<\/p>\n<p>A ora\u00e7\u00e3o que faz bem \u00e0 alma tem de ser a mais espont\u00e2nea poss\u00edvel!<strong>&nbsp;<\/strong><\/p>\n<p><strong>&nbsp;<\/strong><\/p>\n<p><strong>&gt;&gt; Retirado de&nbsp;<\/strong><a href=\"https:\/\/loja.ultimato.com.br\/livros\/um-ano-com-os-salmos-2ed\"><strong><em>Um Ano com os Salmos<\/em><\/strong><\/a><strong> [Elben C\u00e9sar]. <\/strong><strong>Editora Ultimato.<\/strong><strong>&nbsp;<\/strong><\/p>\n<p>Ou\u00e7a e compartilhe nossas devocionais pelo <a href=\"https:\/\/open.spotify.com\/show\/7CG8DL9dgWZEgPzX3rnk51?si=1dbGejI2TQS16eamNjb2rA\">Spotify<\/a>!<\/p>\n<p><iframe loading=\"lazy\" style=\"border-radius: 12px;\" src=\"https:\/\/open.spotify.com\/embed\/show\/7CG8DL9dgWZEgPzX3rnk51?utm_source=generator&amp;theme=0\" width=\"100%\" height=\"152\" frameborder=\"0\" allowfullscreen=\"allowfullscreen\"><\/iframe>&nbsp;<\/p>\n","protected":false},"excerpt":{"rendered":"<p>As \u00e1guas subiram at\u00e9 o meu pesco\u00e7o. (Sl 69.1)&nbsp; Qualquer pedido de socorro dirigido a Deus deve ser acompanhado de uma minuciosa exposi\u00e7\u00e3o do perigo em que a pessoa est\u00e1. O al\u00edvio pode come\u00e7ar na elabora\u00e7\u00e3o de uma lista, pois o sofredor \u00e9 obrigado a trazer de dentro para fora tudo o que o amofina. [&hellip;]<\/p>\n","protected":false},"author":21,"featured_media":161,"comment_status":"open","ping_status":"open","sticky":false,"template":"","format":"standard","meta":{"ngg_post_thumbnail":0,"footnotes":""},"categories":[5478],"tags":[],"class_list":["post-10927","post","type-post","status-publish","format-standard","has-post-thumbnail","hentry","category-elben-cesar"],"publishpress_future_action":{"enabled":false,"date":"2026-05-04 16:29:51","action":"change-status","newStatus":"draft","terms":[],"taxonomy":"category","extraData":[]},"publishpress_future_workflow_manual_trigger":{"enabledWorkflows":[]},"_links":{"self":[{"href":"https:\/\/ultimato.com.br\/sites\/devocional-diaria\/wp-json\/wp\/v2\/posts\/10927","targetHints":{"allow":["GET"]}}],"collection":[{"href":"https:\/\/ultimato.com.br\/sites\/devocional-diaria\/wp-json\/wp\/v2\/posts"}],"about":[{"href":"https:\/\/ultimato.com.br\/sites\/devocional-diaria\/wp-json\/wp\/v2\/types\/post"}],"author":[{"embeddable":true,"href":"https:\/\/ultimato.com.br\/sites\/devocional-diaria\/wp-json\/wp\/v2\/users\/21"}],"replies":[{"embeddable":true,"href":"https:\/\/ultimato.com.br\/sites\/devocional-diaria\/wp-json\/wp\/v2\/comments?post=10927"}],"version-history":[{"count":1,"href":"https:\/\/ultimato.com.br\/sites\/devocional-diaria\/wp-json\/wp\/v2\/posts\/10927\/revisions"}],"predecessor-version":[{"id":10928,"href":"https:\/\/ultimato.com.br\/sites\/devocional-diaria\/wp-json\/wp\/v2\/posts\/10927\/revisions\/10928"}],"wp:featuredmedia":[{"embeddable":true,"href":"https:\/\/ultimato.com.br\/sites\/devocional-diaria\/wp-json\/wp\/v2\/media\/161"}],"wp:attachment":[{"href":"https:\/\/ultimato.com.br\/sites\/devocional-diaria\/wp-json\/wp\/v2\/media?parent=10927"}],"wp:term":[{"taxonomy":"category","embeddable":true,"href":"https:\/\/ultimato.com.br\/sites\/devocional-diaria\/wp-json\/wp\/v2\/categories?post=10927"},{"taxonomy":"post_tag","embeddable":true,"href":"https:\/\/ultimato.com.br\/sites\/devocional-diaria\/wp-json\/wp\/v2\/tags?post=10927"}],"curies":[{"name":"wp","href":"https:\/\/api.w.org\/{rel}","templated":true}]}}