{"id":10925,"date":"2024-01-11T00:00:01","date_gmt":"2024-01-11T03:00:01","guid":{"rendered":"https:\/\/ultimato.com.br\/sites\/devocional-diaria\/?p=10925"},"modified":"2023-12-20T07:18:31","modified_gmt":"2023-12-20T10:18:31","slug":"olhos-fixos-em-jesus-2","status":"publish","type":"post","link":"https:\/\/ultimato.com.br\/sites\/devocional-diaria\/2024\/01\/11\/autor\/elben-cesar\/olhos-fixos-em-jesus-2\/","title":{"rendered":"Olhos fixos em Jesus"},"content":{"rendered":"<p>Foi o poder do nome de Jesus que deu for\u00e7as a este homem. (3.16)&nbsp;O certo n\u00e3o \u00e9 olhar firmemente para Pedro e Jo\u00e3o ou para qualquer outro&nbsp;instrumento nas m\u00e3os do Senhor. O certo n\u00e3o \u00e9 olhar para Apolo ou Paulo,&nbsp;que s\u00e3o \u201csomente servidores de Deus\u201d (1Co 3.5). O certo \u00e9 olhar exclusivamente&nbsp;para a cobra de bronze pregada no alto de um poste (Nm 21.9).&nbsp;O certo \u00e9 olhar exclusivamente para o Cordeiro de Deus pregado no alto&nbsp;da cruz (Jo 3.1-15). O certo \u00e9 olhar exclusivamente para o t\u00famulo vazio. O&nbsp;certo \u00e9 olhar exclusivamente para aquele que est\u00e1 sendo elevado \u00e0s alturas&nbsp;para sentar-se ao lado direito de Deus. O certo \u00e9 colocar e conservar os olhos&nbsp;fixos em Jesus, \u201cautor e consumador de nossa f\u00e9\u201d (Hb 12.2, NVI).&nbsp;<\/p>\n<p>Assim como a luz da lua depende da luz do sol, o poder de Pedro depende&nbsp;do poder de Deus. Sabendo disso com absoluta certeza, o ap\u00f3stolo&nbsp;ordenou ao coxo de nascen\u00e7a: \u201cPelo poder do nome de Jesus Cristo, de&nbsp;Nazar\u00e9, levante-se e ande\u201d (3.6). Afinal, foi o Pai que p\u00f4s no Filho \u201co mais&nbsp;importante de todos os nomes\u201d (Fp 2.9). Jesus \u00e9 o foco de todo olhar, de&nbsp;toda aten\u00e7\u00e3o, de toda esperan\u00e7a.&nbsp;<\/p>\n<p>As ep\u00edstolas de Paulo est\u00e3o cheias da express\u00e3o \u201cpor meio de Jesus\u201d.&nbsp;Somente no primeiro cap\u00edtulo da carta aos Colossenses, esta frase aparece&nbsp;cinco vezes: \u201c\u00c9 <em>por meio dele <\/em>que nossos pecados s\u00e3o perdoados\u201d (v.14); \u201c<em>por&nbsp;meio dele<\/em>, Deus criou tudo, no c\u00e9u e na terra\u201d; \u201cpor meio dele e para ele,&nbsp;Deus criou todo o Universo\u201d (v.16); \u201c<em>por meio do Filho<\/em>, Deus resolveu trazer&nbsp;o Universo de volta a si mesmo\u201d (v. 20); e \u201c<em>por meio da morte de seu Filho <\/em>na&nbsp;cruz, Deus fez com que voc\u00eas ficassem seus amigos a fim de traz\u00ea-los \u00e0 sua&nbsp;presen\u00e7a para serem somente dele, n\u00e3o tendo mancha nem culpa\u201d (v. 22).<strong>&nbsp;<\/strong><\/p>\n<p><strong>&nbsp;<\/strong><\/p>\n<p><strong>&gt;&gt; Retirado de&nbsp;<\/strong><a href=\"https:\/\/loja.ultimato.com.br\/livros\/refeicoes-diarias-no-partir-do-pao-e-na-oracao\"><strong><em>Refei\u00e7\u00f5es Di\u00e1rias \u2013 no partir do p\u00e3o e na ora\u00e7\u00e3o<\/em><\/strong><\/a><strong> [Elben C\u00e9sar]. <\/strong><strong>Editora Ultimato.<\/strong><strong>&nbsp;<\/strong><\/p>\n<p>Ou\u00e7a e compartilhe nossas devocionais pelo <a href=\"https:\/\/open.spotify.com\/show\/7CG8DL9dgWZEgPzX3rnk51?si=1dbGejI2TQS16eamNjb2rA\">Spotify<\/a>!<\/p>\n<p><iframe loading=\"lazy\" style=\"border-radius: 12px;\" src=\"https:\/\/open.spotify.com\/embed\/show\/7CG8DL9dgWZEgPzX3rnk51?utm_source=generator&amp;theme=0\" width=\"100%\" height=\"152\" frameborder=\"0\" allowfullscreen=\"allowfullscreen\"><\/iframe>&nbsp;<\/p>\n","protected":false},"excerpt":{"rendered":"<p>Foi o poder do nome de Jesus que deu for\u00e7as a este homem. (3.16)&nbsp;O certo n\u00e3o \u00e9 olhar firmemente para Pedro e Jo\u00e3o ou para qualquer outro&nbsp;instrumento nas m\u00e3os do Senhor. O certo n\u00e3o \u00e9 olhar para Apolo ou Paulo,&nbsp;que s\u00e3o \u201csomente servidores de Deus\u201d (1Co 3.5). O certo \u00e9 olhar exclusivamente&nbsp;para a cobra de [&hellip;]<\/p>\n","protected":false},"author":21,"featured_media":162,"comment_status":"open","ping_status":"open","sticky":false,"template":"","format":"standard","meta":{"ngg_post_thumbnail":0,"footnotes":""},"categories":[5478],"tags":[],"class_list":["post-10925","post","type-post","status-publish","format-standard","has-post-thumbnail","hentry","category-elben-cesar"],"publishpress_future_action":{"enabled":false,"date":"2026-05-04 16:29:50","action":"change-status","newStatus":"draft","terms":[],"taxonomy":"category","extraData":[]},"publishpress_future_workflow_manual_trigger":{"enabledWorkflows":[]},"_links":{"self":[{"href":"https:\/\/ultimato.com.br\/sites\/devocional-diaria\/wp-json\/wp\/v2\/posts\/10925","targetHints":{"allow":["GET"]}}],"collection":[{"href":"https:\/\/ultimato.com.br\/sites\/devocional-diaria\/wp-json\/wp\/v2\/posts"}],"about":[{"href":"https:\/\/ultimato.com.br\/sites\/devocional-diaria\/wp-json\/wp\/v2\/types\/post"}],"author":[{"embeddable":true,"href":"https:\/\/ultimato.com.br\/sites\/devocional-diaria\/wp-json\/wp\/v2\/users\/21"}],"replies":[{"embeddable":true,"href":"https:\/\/ultimato.com.br\/sites\/devocional-diaria\/wp-json\/wp\/v2\/comments?post=10925"}],"version-history":[{"count":1,"href":"https:\/\/ultimato.com.br\/sites\/devocional-diaria\/wp-json\/wp\/v2\/posts\/10925\/revisions"}],"predecessor-version":[{"id":10926,"href":"https:\/\/ultimato.com.br\/sites\/devocional-diaria\/wp-json\/wp\/v2\/posts\/10925\/revisions\/10926"}],"wp:featuredmedia":[{"embeddable":true,"href":"https:\/\/ultimato.com.br\/sites\/devocional-diaria\/wp-json\/wp\/v2\/media\/162"}],"wp:attachment":[{"href":"https:\/\/ultimato.com.br\/sites\/devocional-diaria\/wp-json\/wp\/v2\/media?parent=10925"}],"wp:term":[{"taxonomy":"category","embeddable":true,"href":"https:\/\/ultimato.com.br\/sites\/devocional-diaria\/wp-json\/wp\/v2\/categories?post=10925"},{"taxonomy":"post_tag","embeddable":true,"href":"https:\/\/ultimato.com.br\/sites\/devocional-diaria\/wp-json\/wp\/v2\/tags?post=10925"}],"curies":[{"name":"wp","href":"https:\/\/api.w.org\/{rel}","templated":true}]}}