{"id":10921,"date":"2024-01-09T00:00:00","date_gmt":"2024-01-09T03:00:00","guid":{"rendered":"https:\/\/ultimato.com.br\/sites\/devocional-diaria\/?p=10921"},"modified":"2023-12-20T07:14:39","modified_gmt":"2023-12-20T10:14:39","slug":"o-sopro-do-espirito-3","status":"publish","type":"post","link":"https:\/\/ultimato.com.br\/sites\/devocional-diaria\/2024\/01\/09\/autor\/elben-cesar\/o-sopro-do-espirito-3\/","title":{"rendered":"O sopro do Esp\u00edrito"},"content":{"rendered":"<p>Pois todos os que s\u00e3o guiados pelo Esp\u00edrito de Deus, estes s\u00e3o filhos de&nbsp;Deus. (Rm 8.14)&nbsp;<\/p>\n<p>Cerca de 600 anos antes de Cristo, o profeta Habacuque, muito provavelmente&nbsp;contempor\u00e2neo de Jeremias, fez esta famosa ora\u00e7\u00e3o: \u201cAviva a tua obra,&nbsp;\u00f3 Senhor, no decorrer dos anos, e, no decurso dos anos, faze-a conhecida\u201d&nbsp;(Hc 3.2).&nbsp;<\/p>\n<p>Avivamento \u00e9 isto, o sopro soberano de Deus para remover a poeira que&nbsp;se acumula no decurso dos anos, no per\u00edodo de tempo compreendido entre&nbsp;o \u00faltimo avivamento e o momento atual. N\u00e3o importa a quantidade e a qualidade&nbsp;da poeira. \u00c9 uma obra de Deus, peri\u00f3dica e poderosa. O avivamento&nbsp;recoloca a igreja em seu primeiro amor, produz convic\u00e7\u00e3o de pecado, santifica&nbsp;e movimenta a igreja. Desperta o gosto e a disciplina das pr\u00e1ticas devocionais,&nbsp;tais como a leitura proveitosa da B\u00edblia e a ora\u00e7\u00e3o. O avivamento leva a igreja&nbsp;a redescobrir a pessoa e a obra do Esp\u00edrito Santo, para dele se servir outra&nbsp;vez, como nos dias dos ap\u00f3stolos.&nbsp;<\/p>\n<p>Mesmo tendo um teor m\u00edstico muito acentuado, avivamento \u00e9 muito mais&nbsp;que misticismo. \u00c9 o motor de coisas novas, de realiza\u00e7\u00f5es extraordin\u00e1rias&nbsp;e de certa dura\u00e7\u00e3o, na \u00e1rea de educa\u00e7\u00e3o religiosa, na \u00e1rea de evangeliza\u00e7\u00e3o&nbsp;e miss\u00f5es, na \u00e1rea de socorro ao sofrimento humano. For\u00e7osamente o avivamento&nbsp;sempre gera preocupa\u00e7\u00e3o com os n\u00e3o alcan\u00e7ados pela prega\u00e7\u00e3o&nbsp;do evangelho, com os n\u00e3o salvos pela gra\u00e7a de Deus e com os moralmente&nbsp;marginalizados (os publicanos e meretrizes de ontem e de hoje). A hist\u00f3ria&nbsp;dos avivamentos mostra que este sopro especial do Esp\u00edrito induz os crentes&nbsp;a fazer obras de caridade e a levantar a sua voz contra a injusti\u00e7a social, seja&nbsp;ela qual for e custe o pre\u00e7o que custar.<\/p>\n<p><strong>&gt;&gt; Retirado de&nbsp;<\/strong><a href=\"https:\/\/loja.ultimato.com.br\/livros\/cuide-das-raizes-espere-pelos-frutos\"><strong><em>Cuide das Ra\u00edzes, Espere pelos Frutos<\/em><\/strong><strong>,<\/strong><\/a><strong> [Elben C\u00e9sar]. <\/strong><strong>Editora Ultimato.<\/strong><\/p>\n<p>Ou\u00e7a e compartilhe nossas devocionais pelo <a href=\"https:\/\/open.spotify.com\/show\/7CG8DL9dgWZEgPzX3rnk51?si=1dbGejI2TQS16eamNjb2rA\">Spotify<\/a>!<\/p>\n<p><iframe loading=\"lazy\" style=\"border-radius: 12px;\" src=\"https:\/\/open.spotify.com\/embed\/show\/7CG8DL9dgWZEgPzX3rnk51?utm_source=generator&amp;theme=0\" width=\"100%\" height=\"152\" frameborder=\"0\" allowfullscreen=\"allowfullscreen\"><\/iframe>&nbsp;<\/p>\n","protected":false},"excerpt":{"rendered":"<p>Pois todos os que s\u00e3o guiados pelo Esp\u00edrito de Deus, estes s\u00e3o filhos de&nbsp;Deus. (Rm 8.14)&nbsp; Cerca de 600 anos antes de Cristo, o profeta Habacuque, muito provavelmente&nbsp;contempor\u00e2neo de Jeremias, fez esta famosa ora\u00e7\u00e3o: \u201cAviva a tua obra,&nbsp;\u00f3 Senhor, no decorrer dos anos, e, no decurso dos anos, faze-a conhecida\u201d&nbsp;(Hc 3.2).&nbsp; Avivamento \u00e9 isto, o [&hellip;]<\/p>\n","protected":false},"author":21,"featured_media":164,"comment_status":"open","ping_status":"open","sticky":false,"template":"","format":"standard","meta":{"ngg_post_thumbnail":0,"footnotes":""},"categories":[5478],"tags":[],"class_list":["post-10921","post","type-post","status-publish","format-standard","has-post-thumbnail","hentry","category-elben-cesar"],"publishpress_future_action":{"enabled":false,"date":"2026-05-04 16:21:53","action":"change-status","newStatus":"draft","terms":[],"taxonomy":"category","extraData":[]},"publishpress_future_workflow_manual_trigger":{"enabledWorkflows":[]},"_links":{"self":[{"href":"https:\/\/ultimato.com.br\/sites\/devocional-diaria\/wp-json\/wp\/v2\/posts\/10921","targetHints":{"allow":["GET"]}}],"collection":[{"href":"https:\/\/ultimato.com.br\/sites\/devocional-diaria\/wp-json\/wp\/v2\/posts"}],"about":[{"href":"https:\/\/ultimato.com.br\/sites\/devocional-diaria\/wp-json\/wp\/v2\/types\/post"}],"author":[{"embeddable":true,"href":"https:\/\/ultimato.com.br\/sites\/devocional-diaria\/wp-json\/wp\/v2\/users\/21"}],"replies":[{"embeddable":true,"href":"https:\/\/ultimato.com.br\/sites\/devocional-diaria\/wp-json\/wp\/v2\/comments?post=10921"}],"version-history":[{"count":1,"href":"https:\/\/ultimato.com.br\/sites\/devocional-diaria\/wp-json\/wp\/v2\/posts\/10921\/revisions"}],"predecessor-version":[{"id":10922,"href":"https:\/\/ultimato.com.br\/sites\/devocional-diaria\/wp-json\/wp\/v2\/posts\/10921\/revisions\/10922"}],"wp:featuredmedia":[{"embeddable":true,"href":"https:\/\/ultimato.com.br\/sites\/devocional-diaria\/wp-json\/wp\/v2\/media\/164"}],"wp:attachment":[{"href":"https:\/\/ultimato.com.br\/sites\/devocional-diaria\/wp-json\/wp\/v2\/media?parent=10921"}],"wp:term":[{"taxonomy":"category","embeddable":true,"href":"https:\/\/ultimato.com.br\/sites\/devocional-diaria\/wp-json\/wp\/v2\/categories?post=10921"},{"taxonomy":"post_tag","embeddable":true,"href":"https:\/\/ultimato.com.br\/sites\/devocional-diaria\/wp-json\/wp\/v2\/tags?post=10921"}],"curies":[{"name":"wp","href":"https:\/\/api.w.org\/{rel}","templated":true}]}}