{"id":10919,"date":"2024-01-08T00:00:03","date_gmt":"2024-01-08T03:00:03","guid":{"rendered":"https:\/\/ultimato.com.br\/sites\/devocional-diaria\/?p=10919"},"modified":"2023-12-20T07:12:54","modified_gmt":"2023-12-20T10:12:54","slug":"identidade-e-dignidade-2","status":"publish","type":"post","link":"https:\/\/ultimato.com.br\/sites\/devocional-diaria\/2024\/01\/08\/autor\/ricardo-barbosa-de-sousa\/identidade-e-dignidade-2\/","title":{"rendered":"Identidade e dignidade"},"content":{"rendered":"<p>Ofereci as costas aos que me feriam e as faces aos que me arrancavam os cabelos; n\u00e3o escondi o rosto aos que me afrontavam e me cuspiam. Porque o Senhor Deus me ajudou, pelo que n\u00e3o me senti envergonhado; por isso, fiz o meu rosto como um seixo e sei que n\u00e3o serei envergonhado. Perto est\u00e1 o que me justifica; quem contender\u00e1 comigo? (Isa\u00edas 50.6-8)<\/p>\n<p>Os poemas do Servo Sofredor, do livro de Isa\u00edas, descrevem a natureza do&nbsp;minist\u00e9rio de Cristo e, de forma crescente, o seu sofrimento. Trai\u00e7\u00e3o, abandono,&nbsp;humilha\u00e7\u00e3o, agress\u00e3o e afrontas de toda esp\u00e9cie fariam parte da voca\u00e7\u00e3o&nbsp;pastoral de Jesus. Ele sabia que quem ama e entrega-se servindo aos outros&nbsp;certamente sofre; e quem sofre por causa disso corre o grave risco de perder&nbsp;a dignidade, a identidade.&nbsp;<\/p>\n<p>No entanto, a dignidade e identidade de Jesus nunca estiveram na aprova\u00e7\u00e3o&nbsp;ou rejei\u00e7\u00e3o de sua voca\u00e7\u00e3o; foi Deus quem o sustentou, ajudou, justificou e&nbsp;aprovou. N\u00e3o foram os homens com seus crit\u00e9rios de avalia\u00e7\u00e3o que determinaram&nbsp;o sucesso ou n\u00e3o do seu minist\u00e9rio; foi Deus que o aben\u00e7oou. Diante&nbsp;da seguran\u00e7a e aprova\u00e7\u00e3o que o Pai lhe conferia, ele convida para perto de si&nbsp;seus advers\u00e1rios, n\u00e3o esconde o rosto de quem lhe cospe e oferece as costas&nbsp;aos seus algozes (Is 50.4-9). Ele \u00e9 livre para amar e morrer.&nbsp;<\/p>\n<p>O que define sua identidade? S\u00e3o as pessoas e a aprova\u00e7\u00e3o delas ou Deus&nbsp;com seu amor e prop\u00f3sito? Lembre-se hoje dos crist\u00e3os que sofrem por causa&nbsp;de sua f\u00e9 e testemunho.&nbsp;<\/p>\n<p>\u201cSenhor, abrigo-me em tua paz, no viver como no morrer. Sei que meu&nbsp;Salvador morreu por mim para dar-me participa\u00e7\u00e3o em sua vit\u00f3ria\u201d (Clemens&nbsp;Brentano, 1778\u20131842).<\/p>\n<p>Pai, n\u00e3o permitas que minha seguran\u00e7a esteja em alguma outra coisa que n\u00e3o&nbsp;seja em ti. Torna-me um homem livre dos medos, afrontas e amea\u00e7as. Que minha&nbsp;esperan\u00e7a repouse na certeza de que \u00e9s tu quem me julgas, aprovas, consolas&nbsp;e justificas. Am\u00e9m.<strong>&nbsp;<\/strong><\/p>\n<p><strong>&nbsp;<\/strong><\/p>\n<p><strong>&gt;&gt; Retirado de&nbsp;<\/strong><a href=\"https:\/\/loja.ultimato.com.br\/livros\/refeicoes-diarias-celebrando-a-reconciliacao\"><strong><em>Refei\u00e7\u00f5es Di\u00e1rias \u2013 Celebrando a Reconcilia\u00e7\u00e3o<\/em><\/strong><\/a><strong>. <\/strong><strong>Editora Ultimato.<\/strong><\/p>\n<p>Ou\u00e7a e compartilhe nossas devocionais pelo <a href=\"https:\/\/open.spotify.com\/show\/7CG8DL9dgWZEgPzX3rnk51?si=1dbGejI2TQS16eamNjb2rA\">Spotify<\/a>!<\/p>\n<p><iframe loading=\"lazy\" style=\"border-radius: 12px;\" src=\"https:\/\/open.spotify.com\/embed\/show\/7CG8DL9dgWZEgPzX3rnk51?utm_source=generator&amp;theme=0\" width=\"100%\" height=\"152\" frameborder=\"0\" allowfullscreen=\"allowfullscreen\"><\/iframe>&nbsp;<\/p>\n","protected":false},"excerpt":{"rendered":"<p>Ofereci as costas aos que me feriam e as faces aos que me arrancavam os cabelos; n\u00e3o escondi o rosto aos que me afrontavam e me cuspiam. Porque o Senhor Deus me ajudou, pelo que n\u00e3o me senti envergonhado; por isso, fiz o meu rosto como um seixo e sei que n\u00e3o serei envergonhado. Perto [&hellip;]<\/p>\n","protected":false},"author":21,"featured_media":165,"comment_status":"open","ping_status":"open","sticky":false,"template":"","format":"standard","meta":{"ngg_post_thumbnail":0,"footnotes":""},"categories":[17805],"tags":[],"class_list":["post-10919","post","type-post","status-publish","format-standard","has-post-thumbnail","hentry","category-ricardo-barbosa-de-sousa"],"publishpress_future_action":{"enabled":false,"date":"2026-05-04 15:00:38","action":"change-status","newStatus":"draft","terms":[],"taxonomy":"category","extraData":[]},"publishpress_future_workflow_manual_trigger":{"enabledWorkflows":[]},"_links":{"self":[{"href":"https:\/\/ultimato.com.br\/sites\/devocional-diaria\/wp-json\/wp\/v2\/posts\/10919","targetHints":{"allow":["GET"]}}],"collection":[{"href":"https:\/\/ultimato.com.br\/sites\/devocional-diaria\/wp-json\/wp\/v2\/posts"}],"about":[{"href":"https:\/\/ultimato.com.br\/sites\/devocional-diaria\/wp-json\/wp\/v2\/types\/post"}],"author":[{"embeddable":true,"href":"https:\/\/ultimato.com.br\/sites\/devocional-diaria\/wp-json\/wp\/v2\/users\/21"}],"replies":[{"embeddable":true,"href":"https:\/\/ultimato.com.br\/sites\/devocional-diaria\/wp-json\/wp\/v2\/comments?post=10919"}],"version-history":[{"count":1,"href":"https:\/\/ultimato.com.br\/sites\/devocional-diaria\/wp-json\/wp\/v2\/posts\/10919\/revisions"}],"predecessor-version":[{"id":10920,"href":"https:\/\/ultimato.com.br\/sites\/devocional-diaria\/wp-json\/wp\/v2\/posts\/10919\/revisions\/10920"}],"wp:featuredmedia":[{"embeddable":true,"href":"https:\/\/ultimato.com.br\/sites\/devocional-diaria\/wp-json\/wp\/v2\/media\/165"}],"wp:attachment":[{"href":"https:\/\/ultimato.com.br\/sites\/devocional-diaria\/wp-json\/wp\/v2\/media?parent=10919"}],"wp:term":[{"taxonomy":"category","embeddable":true,"href":"https:\/\/ultimato.com.br\/sites\/devocional-diaria\/wp-json\/wp\/v2\/categories?post=10919"},{"taxonomy":"post_tag","embeddable":true,"href":"https:\/\/ultimato.com.br\/sites\/devocional-diaria\/wp-json\/wp\/v2\/tags?post=10919"}],"curies":[{"name":"wp","href":"https:\/\/api.w.org\/{rel}","templated":true}]}}