{"id":10917,"date":"2024-01-05T00:00:40","date_gmt":"2024-01-05T03:00:40","guid":{"rendered":"https:\/\/ultimato.com.br\/sites\/devocional-diaria\/?p=10917"},"modified":"2023-12-20T07:10:57","modified_gmt":"2023-12-20T10:10:57","slug":"memoria-positiva-2","status":"publish","type":"post","link":"https:\/\/ultimato.com.br\/sites\/devocional-diaria\/2024\/01\/05\/autor\/elben-cesar\/memoria-positiva-2\/","title":{"rendered":"Mem\u00f3ria positiva"},"content":{"rendered":"<p>Senhor, tiraste-me da sepultura; prestes a descer \u00e0 cova, devolveste-me \u00e0 vida. (Sl 30.3)<\/p>\n<p>Existe a mem\u00f3ria positiva e existe a mem\u00f3ria negativa. Uma \u00e9 t\u00e3o certa quanto a outra. Todavia, a mem\u00f3ria negativa est\u00e1 mais presente na expe\u00adri\u00eancia humana do que a mem\u00f3ria positiva. \u00c9 preciso usar muito mais esta do que aquela.&nbsp;<\/p>\n<p>A mem\u00f3ria positiva acalma o cora\u00e7\u00e3o, afasta a mania de dor e de sofrimento, equilibra as emo\u00e7\u00f5es, modifica o racioc\u00ednio, predisp\u00f5e \u00e0 alegria, gera gratid\u00e3o a Deus e obriga o ser humano a exaltar o Senhor. &nbsp;<\/p>\n<p>O pensamento positivo \u00e9 uma coisa e a mem\u00f3ria positiva \u00e9 outra. A mem\u00f3ria positiva lan\u00e7a m\u00e3o de fatos hist\u00f3ricos e n\u00e3o de suposi\u00e7\u00f5es. N\u00e3o fabrica acontecimentos desej\u00e1veis, n\u00e3o inventa, n\u00e3o mente, n\u00e3o for\u00e7a as coisas, n\u00e3o sacrifica a verdade. Esses exerc\u00edcios mentais s\u00e3o pr\u00f3prios do pensamento positivo e n\u00e3o da mem\u00f3ria positiva. &nbsp;<\/p>\n<p>S\u00f3 no pequeno Salmo 30, o poeta sacro traz \u00e0 sua mem\u00f3ria cinco colossais lembran\u00e7as hist\u00f3ricas: \u201cTu me reergueste\u201d, \u201cTu me curaste\u201d, \u201cTu me devolveste \u00e0 vida\u201d, \u201cTu me deste firmeza e estabilidade\u201d e \u201cTu mudaste o me pranto em dan\u00e7a\u201d. &nbsp;<\/p>\n<p>A mem\u00f3ria negativa n\u00e3o traria \u00e0 lembran\u00e7a todas essas alegrias. Ela s\u00f3 enxerga, s\u00f3 cata e s\u00f3 traz \u00e0 tona o que \u00e9 desagrad\u00e1vel.<strong>&nbsp;<\/strong><\/p>\n<p><strong>&nbsp;<\/strong><\/p>\n<p><strong>&gt;&gt; Retirado de&nbsp;<\/strong><a href=\"https:\/\/loja.ultimato.com.br\/livros\/um-ano-com-os-salmos-2ed\"><strong><em>Um Ano com os Salmos<\/em><\/strong><\/a><strong> [Elben C\u00e9sar]. <\/strong><strong>Editora Ultimato.<\/strong><strong>&nbsp;<\/strong><\/p>\n<p>Ou\u00e7a e compartilhe nossas devocionais pelo <a href=\"https:\/\/open.spotify.com\/show\/7CG8DL9dgWZEgPzX3rnk51?si=1dbGejI2TQS16eamNjb2rA\">Spotify<\/a>!<\/p>\n<p><iframe loading=\"lazy\" style=\"border-radius: 12px;\" src=\"https:\/\/open.spotify.com\/embed\/show\/7CG8DL9dgWZEgPzX3rnk51?utm_source=generator&amp;theme=0\" width=\"100%\" height=\"152\" frameborder=\"0\" allowfullscreen=\"allowfullscreen\"><\/iframe>&nbsp;<\/p>\n","protected":false},"excerpt":{"rendered":"<p>Senhor, tiraste-me da sepultura; prestes a descer \u00e0 cova, devolveste-me \u00e0 vida. (Sl 30.3) Existe a mem\u00f3ria positiva e existe a mem\u00f3ria negativa. Uma \u00e9 t\u00e3o certa quanto a outra. Todavia, a mem\u00f3ria negativa est\u00e1 mais presente na expe\u00adri\u00eancia humana do que a mem\u00f3ria positiva. \u00c9 preciso usar muito mais esta do que aquela.&nbsp; A [&hellip;]<\/p>\n","protected":false},"author":21,"featured_media":161,"comment_status":"open","ping_status":"open","sticky":false,"template":"","format":"standard","meta":{"ngg_post_thumbnail":0,"footnotes":""},"categories":[5478],"tags":[],"class_list":["post-10917","post","type-post","status-publish","format-standard","has-post-thumbnail","hentry","category-elben-cesar"],"publishpress_future_action":{"enabled":false,"date":"2026-05-04 16:29:50","action":"change-status","newStatus":"draft","terms":[],"taxonomy":"category","extraData":[]},"publishpress_future_workflow_manual_trigger":{"enabledWorkflows":[]},"_links":{"self":[{"href":"https:\/\/ultimato.com.br\/sites\/devocional-diaria\/wp-json\/wp\/v2\/posts\/10917","targetHints":{"allow":["GET"]}}],"collection":[{"href":"https:\/\/ultimato.com.br\/sites\/devocional-diaria\/wp-json\/wp\/v2\/posts"}],"about":[{"href":"https:\/\/ultimato.com.br\/sites\/devocional-diaria\/wp-json\/wp\/v2\/types\/post"}],"author":[{"embeddable":true,"href":"https:\/\/ultimato.com.br\/sites\/devocional-diaria\/wp-json\/wp\/v2\/users\/21"}],"replies":[{"embeddable":true,"href":"https:\/\/ultimato.com.br\/sites\/devocional-diaria\/wp-json\/wp\/v2\/comments?post=10917"}],"version-history":[{"count":1,"href":"https:\/\/ultimato.com.br\/sites\/devocional-diaria\/wp-json\/wp\/v2\/posts\/10917\/revisions"}],"predecessor-version":[{"id":10918,"href":"https:\/\/ultimato.com.br\/sites\/devocional-diaria\/wp-json\/wp\/v2\/posts\/10917\/revisions\/10918"}],"wp:featuredmedia":[{"embeddable":true,"href":"https:\/\/ultimato.com.br\/sites\/devocional-diaria\/wp-json\/wp\/v2\/media\/161"}],"wp:attachment":[{"href":"https:\/\/ultimato.com.br\/sites\/devocional-diaria\/wp-json\/wp\/v2\/media?parent=10917"}],"wp:term":[{"taxonomy":"category","embeddable":true,"href":"https:\/\/ultimato.com.br\/sites\/devocional-diaria\/wp-json\/wp\/v2\/categories?post=10917"},{"taxonomy":"post_tag","embeddable":true,"href":"https:\/\/ultimato.com.br\/sites\/devocional-diaria\/wp-json\/wp\/v2\/tags?post=10917"}],"curies":[{"name":"wp","href":"https:\/\/api.w.org\/{rel}","templated":true}]}}