{"id":10915,"date":"2024-01-04T00:00:08","date_gmt":"2024-01-04T03:00:08","guid":{"rendered":"https:\/\/ultimato.com.br\/sites\/devocional-diaria\/?p=10915"},"modified":"2023-12-20T07:07:23","modified_gmt":"2023-12-20T10:07:23","slug":"maior-que-os-maiores-2","status":"publish","type":"post","link":"https:\/\/ultimato.com.br\/sites\/devocional-diaria\/2024\/01\/04\/autor\/j-i-packer\/maior-que-os-maiores-2\/","title":{"rendered":"Maior que os maiores"},"content":{"rendered":"<p>Ele aniquila os pr\u00edncipes e reduz a nada os ju\u00edzes deste mundo.&nbsp; (Isa\u00edas 40.23)<\/p>\n<p>Para conhecer a grandeza de Deus, olhe para os grandes do mundo \u2013 os governantes cujas leis e pol\u00edticas determinam o bem-estar de milh\u00f5es de pessoas. Olhe para os pretensos governantes do mundo, os ditadores e fundadores de imp\u00e9rios que t\u00eam poder para mergulhar o mundo em guerra. Pense em Senaqueribe e Nabucodosor. Pense em Alexandre, Napole\u00e3o, Hitler. Pense nos atuais chefes de estado, nos bons e nos maus.<\/p>\n<p>Voc\u00ea acha que s\u00e3o realmente esses homens e mulheres importantes que determinam os acontecimentos no mundo? Pense novamente, por que Deus \u00e9 maior que os grandes do mundo. \u201cEle aniquila os pr\u00edncipes e reduz a nada os ju\u00edzes deste mundo.\u201d Ele \u00e9, como diz o livro de ora\u00e7\u00e3o anglicano, \u201co \u00fanico governador dos pr\u00edncipes\u201d.<\/p>\n<p>Veja o seu Deus!&nbsp;<\/p>\n<p>Para orar: Escolha dois chefes de estado: um conside\u00adrado benevolente e outro com fama de cruel. Ore por cada um deles, reconhecendo que, se voc\u00ea pudesse colocar todos os governantes do mundo em uma sala, Deus seria maior que todos eles.<strong>&nbsp;<\/strong><\/p>\n<p><strong>&nbsp;<\/strong><\/p>\n<p><strong>&gt;&gt; Retirado de&nbsp;<\/strong><a href=\"https:\/\/loja.ultimato.com.br\/livros\/conhecendo-a-deus-ao-longo-do-ano\"><strong>Conhecendo a Deus ao Longo do Ano<\/strong><\/a><strong> [J. I. P<\/strong><strong>acker]<\/strong><strong>. <\/strong><strong>Editora Ultimato.<\/strong><\/p>\n<p>Ou\u00e7a as nossas devocionais pelo <a href=\"https:\/\/open.spotify.com\/show\/7CG8DL9dgWZEgPzX3rnk51?si=1dbGejI2TQS16eamNjb2rA\">Spotify<\/a>!<\/p>\n<p><iframe loading=\"lazy\" style=\"border-radius: 12px;\" src=\"https:\/\/open.spotify.com\/embed\/show\/7CG8DL9dgWZEgPzX3rnk51?utm_source=generator&amp;theme=0\" width=\"100%\" height=\"152\" frameborder=\"0\" allowfullscreen=\"allowfullscreen\"><\/iframe>&nbsp;<\/p>\n","protected":false},"excerpt":{"rendered":"<p>Ele aniquila os pr\u00edncipes e reduz a nada os ju\u00edzes deste mundo.&nbsp; (Isa\u00edas 40.23) Para conhecer a grandeza de Deus, olhe para os grandes do mundo \u2013 os governantes cujas leis e pol\u00edticas determinam o bem-estar de milh\u00f5es de pessoas. Olhe para os pretensos governantes do mundo, os ditadores e fundadores de imp\u00e9rios que t\u00eam [&hellip;]<\/p>\n","protected":false},"author":21,"featured_media":162,"comment_status":"open","ping_status":"open","sticky":false,"template":"","format":"standard","meta":{"ngg_post_thumbnail":0,"footnotes":""},"categories":[5655],"tags":[],"class_list":["post-10915","post","type-post","status-publish","format-standard","has-post-thumbnail","hentry","category-j-i-packer"],"publishpress_future_action":{"enabled":false,"date":"2026-05-04 16:29:49","action":"change-status","newStatus":"draft","terms":[],"taxonomy":"category","extraData":[]},"publishpress_future_workflow_manual_trigger":{"enabledWorkflows":[]},"_links":{"self":[{"href":"https:\/\/ultimato.com.br\/sites\/devocional-diaria\/wp-json\/wp\/v2\/posts\/10915","targetHints":{"allow":["GET"]}}],"collection":[{"href":"https:\/\/ultimato.com.br\/sites\/devocional-diaria\/wp-json\/wp\/v2\/posts"}],"about":[{"href":"https:\/\/ultimato.com.br\/sites\/devocional-diaria\/wp-json\/wp\/v2\/types\/post"}],"author":[{"embeddable":true,"href":"https:\/\/ultimato.com.br\/sites\/devocional-diaria\/wp-json\/wp\/v2\/users\/21"}],"replies":[{"embeddable":true,"href":"https:\/\/ultimato.com.br\/sites\/devocional-diaria\/wp-json\/wp\/v2\/comments?post=10915"}],"version-history":[{"count":1,"href":"https:\/\/ultimato.com.br\/sites\/devocional-diaria\/wp-json\/wp\/v2\/posts\/10915\/revisions"}],"predecessor-version":[{"id":10916,"href":"https:\/\/ultimato.com.br\/sites\/devocional-diaria\/wp-json\/wp\/v2\/posts\/10915\/revisions\/10916"}],"wp:featuredmedia":[{"embeddable":true,"href":"https:\/\/ultimato.com.br\/sites\/devocional-diaria\/wp-json\/wp\/v2\/media\/162"}],"wp:attachment":[{"href":"https:\/\/ultimato.com.br\/sites\/devocional-diaria\/wp-json\/wp\/v2\/media?parent=10915"}],"wp:term":[{"taxonomy":"category","embeddable":true,"href":"https:\/\/ultimato.com.br\/sites\/devocional-diaria\/wp-json\/wp\/v2\/categories?post=10915"},{"taxonomy":"post_tag","embeddable":true,"href":"https:\/\/ultimato.com.br\/sites\/devocional-diaria\/wp-json\/wp\/v2\/tags?post=10915"}],"curies":[{"name":"wp","href":"https:\/\/api.w.org\/{rel}","templated":true}]}}