{"id":10913,"date":"2024-01-03T00:00:40","date_gmt":"2024-01-03T03:00:40","guid":{"rendered":"https:\/\/ultimato.com.br\/sites\/devocional-diaria\/?p=10913"},"modified":"2023-12-20T07:05:03","modified_gmt":"2023-12-20T10:05:03","slug":"segredo-2","status":"publish","type":"post","link":"https:\/\/ultimato.com.br\/sites\/devocional-diaria\/2024\/01\/03\/autor\/eugene-h-peterson\/segredo-2\/","title":{"rendered":"Segredo!"},"content":{"rendered":"<p><em>Enquanto desciam a montanha, Jesus os fez prometer que&nbsp;guardariam o segredo: \u201cN\u00e3o digam nada a ningu\u00e9m sobre o que&nbsp;voc\u00eas viram, at\u00e9 que o Filho do Homem se levante dos mortos\u201d.&nbsp;Os disc\u00edpulos fizeram uma pergunta: \u201cPor que os l\u00edderes religiosos&nbsp;dizem que Elias tem de vir primeiro?\u201d. Jesus explicou: \u201cElias vem&nbsp;para deixar tudo pronto. A verdade, por\u00e9m, \u00e9 que Elias j\u00e1 veio,&nbsp;mas eles n\u00e3o o reconheceram. Eles o desprezaram, assim como&nbsp;ir\u00e3o tratar o Filho do Homem\u201d. Foi a\u00ed que os disc\u00edpulos entenderam&nbsp;que ele falava de Jo\u00e3o, o Batista.&nbsp;<\/em>(Mateus 17.9-13)&nbsp;<\/p>\n<p>N\u00e3o se deve contar as vis\u00f5es. Elas s\u00e3o muito facilmente&nbsp;transformadas em boatos \u2013 ingredientes sensacionais para&nbsp;entreter vidas mon\u00f3tonas. E n\u00e3o se deve us\u00e1-las como&nbsp;propaganda em um mundo ganancioso pela mais recente&nbsp;novidade. As vis\u00f5es s\u00e3o para a f\u00e9 \u2013 para colocar um andaime&nbsp;c\u00f3smico em torno do fervor.&nbsp;<\/p>\n<p>Como Jo\u00e3o Batista foi semelhante a Elias?&nbsp;<\/p>\n<p>Obrigado, \u00f3 Deus, por me mostrares a identidade&nbsp;essencial do Cristo Transfigurado e do Cristo Crucificado,&nbsp;o Cristo que \u00e9 um comigo no sofrimento. Am\u00e9m.<strong>&nbsp;<\/strong><\/p>\n<p><strong>&nbsp;<\/strong><\/p>\n<p><strong>&gt;&gt; Retirado de&nbsp;<\/strong><a href=\"https:\/\/loja.ultimato.com.br\/livros\/um-ano-com-jesus\"><strong>Um Ano com Jesus<\/strong><\/a><strong>&nbsp;<\/strong><strong>[Eugene H. Peterson]. <\/strong><strong>Editora Ultimato.<\/strong><\/p>\n<p>Ou\u00e7a as nossas devocionais pelo <a href=\"https:\/\/open.spotify.com\/show\/7CG8DL9dgWZEgPzX3rnk51?si=1dbGejI2TQS16eamNjb2rA\">Spotify<\/a>!<\/p>\n<p><iframe loading=\"lazy\" style=\"border-radius: 12px;\" src=\"https:\/\/open.spotify.com\/embed\/show\/7CG8DL9dgWZEgPzX3rnk51?utm_source=generator&amp;theme=0\" width=\"100%\" height=\"152\" frameborder=\"0\" allowfullscreen=\"allowfullscreen\"><\/iframe>&nbsp;<\/p>\n","protected":false},"excerpt":{"rendered":"<p>Enquanto desciam a montanha, Jesus os fez prometer que&nbsp;guardariam o segredo: \u201cN\u00e3o digam nada a ningu\u00e9m sobre o que&nbsp;voc\u00eas viram, at\u00e9 que o Filho do Homem se levante dos mortos\u201d.&nbsp;Os disc\u00edpulos fizeram uma pergunta: \u201cPor que os l\u00edderes religiosos&nbsp;dizem que Elias tem de vir primeiro?\u201d. Jesus explicou: \u201cElias vem&nbsp;para deixar tudo pronto. A verdade, por\u00e9m, [&hellip;]<\/p>\n","protected":false},"author":21,"featured_media":163,"comment_status":"open","ping_status":"open","sticky":false,"template":"","format":"standard","meta":{"ngg_post_thumbnail":0,"footnotes":""},"categories":[17809],"tags":[],"class_list":["post-10913","post","type-post","status-publish","format-standard","has-post-thumbnail","hentry","category-eugene-h-peterson"],"publishpress_future_action":{"enabled":false,"date":"2026-05-04 16:29:43","action":"change-status","newStatus":"draft","terms":[],"taxonomy":"category","extraData":[]},"publishpress_future_workflow_manual_trigger":{"enabledWorkflows":[]},"_links":{"self":[{"href":"https:\/\/ultimato.com.br\/sites\/devocional-diaria\/wp-json\/wp\/v2\/posts\/10913","targetHints":{"allow":["GET"]}}],"collection":[{"href":"https:\/\/ultimato.com.br\/sites\/devocional-diaria\/wp-json\/wp\/v2\/posts"}],"about":[{"href":"https:\/\/ultimato.com.br\/sites\/devocional-diaria\/wp-json\/wp\/v2\/types\/post"}],"author":[{"embeddable":true,"href":"https:\/\/ultimato.com.br\/sites\/devocional-diaria\/wp-json\/wp\/v2\/users\/21"}],"replies":[{"embeddable":true,"href":"https:\/\/ultimato.com.br\/sites\/devocional-diaria\/wp-json\/wp\/v2\/comments?post=10913"}],"version-history":[{"count":1,"href":"https:\/\/ultimato.com.br\/sites\/devocional-diaria\/wp-json\/wp\/v2\/posts\/10913\/revisions"}],"predecessor-version":[{"id":10914,"href":"https:\/\/ultimato.com.br\/sites\/devocional-diaria\/wp-json\/wp\/v2\/posts\/10913\/revisions\/10914"}],"wp:featuredmedia":[{"embeddable":true,"href":"https:\/\/ultimato.com.br\/sites\/devocional-diaria\/wp-json\/wp\/v2\/media\/163"}],"wp:attachment":[{"href":"https:\/\/ultimato.com.br\/sites\/devocional-diaria\/wp-json\/wp\/v2\/media?parent=10913"}],"wp:term":[{"taxonomy":"category","embeddable":true,"href":"https:\/\/ultimato.com.br\/sites\/devocional-diaria\/wp-json\/wp\/v2\/categories?post=10913"},{"taxonomy":"post_tag","embeddable":true,"href":"https:\/\/ultimato.com.br\/sites\/devocional-diaria\/wp-json\/wp\/v2\/tags?post=10913"}],"curies":[{"name":"wp","href":"https:\/\/api.w.org\/{rel}","templated":true}]}}