{"id":10911,"date":"2024-01-02T00:00:44","date_gmt":"2024-01-02T03:00:44","guid":{"rendered":"https:\/\/ultimato.com.br\/sites\/devocional-diaria\/?p=10911"},"modified":"2023-12-20T07:02:28","modified_gmt":"2023-12-20T10:02:28","slug":"de-dentro-para-fora-3","status":"publish","type":"post","link":"https:\/\/ultimato.com.br\/sites\/devocional-diaria\/2024\/01\/02\/autor\/elben-cesar\/de-dentro-para-fora-3\/","title":{"rendered":"De dentro para fora"},"content":{"rendered":"<p>De onde v\u00eam as lutas e as brigas entre voc\u00eas? (Tg 4.1a)&nbsp;<\/p>\n<p>Irm\u00e3o brigando com irm\u00e3o \u2013 que coisa feia! Ambos t\u00eam o mesmo Pai, o mesmo&nbsp;Salvador, o mesmo Esp\u00edrito. Ambos s\u00e3o pecadores e tiveram suas d\u00edvidas pagas&nbsp;pelo sangue de Jesus. Ambos t\u00eam as mesmas convic\u00e7\u00f5es, a mesma f\u00e9 salvadora,&nbsp;a mesma esperan\u00e7a. Ambos vivem na mesma atmosfera do pecado. Ambos&nbsp;s\u00e3o dependentes da ora\u00e7\u00e3o. Ambos s\u00e3o ramos da mesma videira. Ambos s\u00e3o&nbsp;hostilizados pelos n\u00e3o crentes e tentados pelas mesmas potestades do ar. Eles&nbsp;podem ter temperamentos diferentes e diferentes pontos fracos, mas no fundo&nbsp;s\u00e3o iguais em tudo. Por que brigar? Por que viver em desarmonia? Por que&nbsp;esbanjar energias com pequenos ou grandes atritos? Por qu\u00ea? Por qu\u00ea?&nbsp;<\/p>\n<p>As brigas entre irm\u00e3os na f\u00e9 s\u00e3o hist\u00f3ricas. Basta lembrar de Caim e Abel,&nbsp;de Esa\u00fa e Jac\u00f3, de Penina e Ana, dos judaizantes e dos ap\u00f3stolos, das divis\u00f5es&nbsp;entre os crentes de Corinto e sobretudo daquelas irm\u00e3s bem comprometidas&nbsp;com a evangeliza\u00e7\u00e3o, Ev\u00f3dia e S\u00edntique (Fp 4.2).&nbsp;<\/p>\n<p>Tiago pergunta: \u201cDe onde v\u00eam as lutas e brigas entre voc\u00eas?\u201d Qual \u00e9 a&nbsp;proced\u00eancia desses atritos? Quando eles come\u00e7aram? Por que come\u00e7aram? H\u00e1&nbsp;quanto tempo voc\u00eas est\u00e3o brigando?&nbsp;<\/p>\n<p>O escritor n\u00e3o espera a resposta dos briguentos. Talvez tenha perdido a&nbsp;paci\u00eancia com eles. Ele mesmo responde com outra pergunta: \u201cN\u00e3o v\u00eam das&nbsp;paix\u00f5es que guerreiam dentro de voc\u00eas?\u201d (ARA). O que Tiago quer dizer \u00e9&nbsp;que as lutas exteriores s\u00e3o consequ\u00eancia das lutas interiores. Dessa maneira,&nbsp;ele volta a chamar a aten\u00e7\u00e3o deles para o problema b\u00e1sico: a natureza humana!&nbsp;&nbsp;<\/p>\n<p>Temos tanto em comum, que n\u00e3o dever\u00edamos brigar!&nbsp;<\/p>\n<p>&nbsp;<\/p>\n<p><strong>&gt;&gt; Retirado de&nbsp;<\/strong><a href=\"https:\/\/loja.ultimato.com.br\/livros\/refeicoes-diarias-com-os-discipulos\"><strong><em>Refei\u00e7\u00f5es Di\u00e1rias com os Disc\u00edpulos<\/em><\/strong><\/a><strong> [Elben C\u00e9sar]. <\/strong><strong>Editora Ultimato.<\/strong><strong>&nbsp;<\/strong><\/p>\n<p>Ou\u00e7a e compartilhe nossas devocionais pelo <a href=\"https:\/\/open.spotify.com\/show\/7CG8DL9dgWZEgPzX3rnk51?si=1dbGejI2TQS16eamNjb2rA\">Spotify<\/a>!<\/p>\n<p><iframe loading=\"lazy\" style=\"border-radius: 12px;\" src=\"https:\/\/open.spotify.com\/embed\/show\/7CG8DL9dgWZEgPzX3rnk51?utm_source=generator&amp;theme=0\" width=\"100%\" height=\"152\" frameborder=\"0\" allowfullscreen=\"allowfullscreen\"><\/iframe>&nbsp;<\/p>\n","protected":false},"excerpt":{"rendered":"<p>De onde v\u00eam as lutas e as brigas entre voc\u00eas? (Tg 4.1a)&nbsp; Irm\u00e3o brigando com irm\u00e3o \u2013 que coisa feia! Ambos t\u00eam o mesmo Pai, o mesmo&nbsp;Salvador, o mesmo Esp\u00edrito. Ambos s\u00e3o pecadores e tiveram suas d\u00edvidas pagas&nbsp;pelo sangue de Jesus. Ambos t\u00eam as mesmas convic\u00e7\u00f5es, a mesma f\u00e9 salvadora,&nbsp;a mesma esperan\u00e7a. Ambos vivem na [&hellip;]<\/p>\n","protected":false},"author":21,"featured_media":164,"comment_status":"open","ping_status":"open","sticky":false,"template":"","format":"standard","meta":{"ngg_post_thumbnail":0,"footnotes":""},"categories":[5478],"tags":[],"class_list":["post-10911","post","type-post","status-publish","format-standard","has-post-thumbnail","hentry","category-elben-cesar"],"publishpress_future_action":{"enabled":false,"date":"2026-05-04 17:35:21","action":"change-status","newStatus":"draft","terms":[],"taxonomy":"category","extraData":[]},"publishpress_future_workflow_manual_trigger":{"enabledWorkflows":[]},"_links":{"self":[{"href":"https:\/\/ultimato.com.br\/sites\/devocional-diaria\/wp-json\/wp\/v2\/posts\/10911","targetHints":{"allow":["GET"]}}],"collection":[{"href":"https:\/\/ultimato.com.br\/sites\/devocional-diaria\/wp-json\/wp\/v2\/posts"}],"about":[{"href":"https:\/\/ultimato.com.br\/sites\/devocional-diaria\/wp-json\/wp\/v2\/types\/post"}],"author":[{"embeddable":true,"href":"https:\/\/ultimato.com.br\/sites\/devocional-diaria\/wp-json\/wp\/v2\/users\/21"}],"replies":[{"embeddable":true,"href":"https:\/\/ultimato.com.br\/sites\/devocional-diaria\/wp-json\/wp\/v2\/comments?post=10911"}],"version-history":[{"count":1,"href":"https:\/\/ultimato.com.br\/sites\/devocional-diaria\/wp-json\/wp\/v2\/posts\/10911\/revisions"}],"predecessor-version":[{"id":10912,"href":"https:\/\/ultimato.com.br\/sites\/devocional-diaria\/wp-json\/wp\/v2\/posts\/10911\/revisions\/10912"}],"wp:featuredmedia":[{"embeddable":true,"href":"https:\/\/ultimato.com.br\/sites\/devocional-diaria\/wp-json\/wp\/v2\/media\/164"}],"wp:attachment":[{"href":"https:\/\/ultimato.com.br\/sites\/devocional-diaria\/wp-json\/wp\/v2\/media?parent=10911"}],"wp:term":[{"taxonomy":"category","embeddable":true,"href":"https:\/\/ultimato.com.br\/sites\/devocional-diaria\/wp-json\/wp\/v2\/categories?post=10911"},{"taxonomy":"post_tag","embeddable":true,"href":"https:\/\/ultimato.com.br\/sites\/devocional-diaria\/wp-json\/wp\/v2\/tags?post=10911"}],"curies":[{"name":"wp","href":"https:\/\/api.w.org\/{rel}","templated":true}]}}