{"id":10902,"date":"2023-12-29T00:00:15","date_gmt":"2023-12-29T03:00:15","guid":{"rendered":"https:\/\/ultimato.com.br\/sites\/devocional-diaria\/?p=10902"},"modified":"2023-12-12T08:48:43","modified_gmt":"2023-12-12T11:48:43","slug":"jesus-e-emanuel-3","status":"publish","type":"post","link":"https:\/\/ultimato.com.br\/sites\/devocional-diaria\/2023\/12\/29\/autor\/elben-cesar\/jesus-e-emanuel-3\/","title":{"rendered":"Jesus \u00e9 Emanuel"},"content":{"rendered":"<p>A virgem conceber\u00e1 uma crian\u00e7a! Ela dar\u00e1 \u00e0 luz um Filho,&nbsp;que ser\u00e1 chamado <em>Emanuel <\/em>(\u201cDeus est\u00e1 conosco\u201d). (Mateus 1.23, BV)<\/p>\n<p>De todos os nomes dados a Jesus, \u00e9 dif\u00edcil dizer qual deles comunica mais a sua rela\u00e7\u00e3o com os pecadores. Talvez seja o nome <em>Emanuel<\/em>, que significa \u201cDeus conosco\u201d (Mt 1.21).&nbsp;<\/p>\n<p>A mensagem contida em tal nome \u00e9 extraordin\u00e1ria. O Deus absolu\u00adtamente santo, em Cristo, se aproxima do ser humano absolutamente pecador. O c\u00e9u se abaixa e a terra se levanta. Em Cristo, os dois se en\u00adcontram e permanecem no mesmo plano. O abismo desmedido acaba. Jesus \u00e9 Emanuel, o Deus conosco, porque ele veio l\u00e1 de cima, tornou-se carne (virou gente) e viveu entre n\u00f3s (Jo 1.14). Comeu conosco. Cami\u00adnhou, sofreu, sentiu fome, subiu a montanha, atravessou o mar, orou, cantou, falou, chorou e foi ao templo conosco. A jun\u00e7\u00e3o foi perfeita. Ele \u00e9 a videira e n\u00f3s somos os ramos (Jo 15.5). Onde n\u00f3s estamos, ele est\u00e1; para onde vamos, ele vai. Somos um s\u00f3 corpo com ele (1Co 12.27). Se Jesus \u00e9 a imagem vis\u00edvel do Deus invis\u00edvel (Cl 1.15), n\u00e3o resta a menor d\u00favida: ele \u00e9 Emanuel \u2014 Deus conosco!&nbsp;<\/p>\n<p>\u2014 Jesus \u00e9 Deus conosco. Portanto, n\u00e3o devo temer perigo algum!<strong>&nbsp;&nbsp;<\/strong><\/p>\n<p><strong>&nbsp;<\/strong><\/p>\n<p><strong>&gt;&gt; Retirado de&nbsp;<\/strong><strong><em>Refei\u00e7\u00f5es Di\u00e1rias com Jesus<\/em><\/strong><strong> [Elben C\u00e9sar]. <\/strong><strong>Editora Ultimato.<\/strong><\/p>\n<p>Ou\u00e7a e compartilhe nossas devocionais pelo <a href=\"https:\/\/open.spotify.com\/show\/7CG8DL9dgWZEgPzX3rnk51?si=1dbGejI2TQS16eamNjb2rA\">Spotify<\/a>!<\/p>\n<p><iframe loading=\"lazy\" style=\"border-radius: 12px;\" src=\"https:\/\/open.spotify.com\/embed\/show\/7CG8DL9dgWZEgPzX3rnk51?utm_source=generator&amp;theme=0\" width=\"100%\" height=\"152\" frameborder=\"0\" allowfullscreen=\"allowfullscreen\"><\/iframe>&nbsp;<\/p>\n","protected":false},"excerpt":{"rendered":"<p>A virgem conceber\u00e1 uma crian\u00e7a! Ela dar\u00e1 \u00e0 luz um Filho,&nbsp;que ser\u00e1 chamado Emanuel (\u201cDeus est\u00e1 conosco\u201d). (Mateus 1.23, BV) De todos os nomes dados a Jesus, \u00e9 dif\u00edcil dizer qual deles comunica mais a sua rela\u00e7\u00e3o com os pecadores. Talvez seja o nome Emanuel, que significa \u201cDeus conosco\u201d (Mt 1.21).&nbsp; A mensagem contida em [&hellip;]<\/p>\n","protected":false},"author":21,"featured_media":161,"comment_status":"open","ping_status":"open","sticky":false,"template":"","format":"standard","meta":{"ngg_post_thumbnail":0,"footnotes":""},"categories":[5478],"tags":[],"class_list":["post-10902","post","type-post","status-publish","format-standard","has-post-thumbnail","hentry","category-elben-cesar"],"publishpress_future_action":{"enabled":false,"date":"2026-05-04 17:34:24","action":"change-status","newStatus":"draft","terms":[],"taxonomy":"category","extraData":[]},"publishpress_future_workflow_manual_trigger":{"enabledWorkflows":[]},"_links":{"self":[{"href":"https:\/\/ultimato.com.br\/sites\/devocional-diaria\/wp-json\/wp\/v2\/posts\/10902","targetHints":{"allow":["GET"]}}],"collection":[{"href":"https:\/\/ultimato.com.br\/sites\/devocional-diaria\/wp-json\/wp\/v2\/posts"}],"about":[{"href":"https:\/\/ultimato.com.br\/sites\/devocional-diaria\/wp-json\/wp\/v2\/types\/post"}],"author":[{"embeddable":true,"href":"https:\/\/ultimato.com.br\/sites\/devocional-diaria\/wp-json\/wp\/v2\/users\/21"}],"replies":[{"embeddable":true,"href":"https:\/\/ultimato.com.br\/sites\/devocional-diaria\/wp-json\/wp\/v2\/comments?post=10902"}],"version-history":[{"count":1,"href":"https:\/\/ultimato.com.br\/sites\/devocional-diaria\/wp-json\/wp\/v2\/posts\/10902\/revisions"}],"predecessor-version":[{"id":10903,"href":"https:\/\/ultimato.com.br\/sites\/devocional-diaria\/wp-json\/wp\/v2\/posts\/10902\/revisions\/10903"}],"wp:featuredmedia":[{"embeddable":true,"href":"https:\/\/ultimato.com.br\/sites\/devocional-diaria\/wp-json\/wp\/v2\/media\/161"}],"wp:attachment":[{"href":"https:\/\/ultimato.com.br\/sites\/devocional-diaria\/wp-json\/wp\/v2\/media?parent=10902"}],"wp:term":[{"taxonomy":"category","embeddable":true,"href":"https:\/\/ultimato.com.br\/sites\/devocional-diaria\/wp-json\/wp\/v2\/categories?post=10902"},{"taxonomy":"post_tag","embeddable":true,"href":"https:\/\/ultimato.com.br\/sites\/devocional-diaria\/wp-json\/wp\/v2\/tags?post=10902"}],"curies":[{"name":"wp","href":"https:\/\/api.w.org\/{rel}","templated":true}]}}