{"id":10900,"date":"2023-12-28T00:00:56","date_gmt":"2023-12-28T03:00:56","guid":{"rendered":"https:\/\/ultimato.com.br\/sites\/devocional-diaria\/?p=10900"},"modified":"2023-12-12T08:47:10","modified_gmt":"2023-12-12T11:47:10","slug":"o-mais-alto-padrao-4","status":"publish","type":"post","link":"https:\/\/ultimato.com.br\/sites\/devocional-diaria\/2023\/12\/28\/autor\/elben-cesar\/o-mais-alto-padrao-4\/","title":{"rendered":"O mais alto padr\u00e3o"},"content":{"rendered":"<p>Se voc\u00eas as tiverem e fizerem que elas aumentem, ser\u00e3o cada vez mais ativos. (2Pe 1.8b)<\/p>\n<p>Para terem um bom resultado e fazerem diferen\u00e7a, as qualidades apontadas&nbsp;progressivamente na torre de Pedro devem ser localizadas, buscadas, adquiridas,&nbsp;imploradas e vivenciadas. Isso ainda \u00e9 pouco. Tais qualidades devem&nbsp;ser tamb\u00e9m alimentadas, trabalhadas, ampliadas, enriquecidas e cultivadas.&nbsp;<\/p>\n<p>Se isso tudo acontecer, a f\u00e9, a bondade, o conhecimento, o dom\u00ednio&nbsp;pr\u00f3prio, a perseveran\u00e7a, a devo\u00e7\u00e3o, a amizade crist\u00e3 e o amor v\u00e3o vencer os&nbsp;obst\u00e1culos colocados pelos inimigos internos (a carne), inimigos externos (a&nbsp;cultura moderna) e inimigos extraterrestres (as chamadas potestades do ar).&nbsp;<\/p>\n<p>O padr\u00e3o de comportamento \u00e9, como deveria ser, muito alto. Mas n\u00e3o \u00e9&nbsp;mais alto do que o mais alto padr\u00e3o jamais dado ao ser humano. Desde os&nbsp;tempos de Mois\u00e9s, Deus tem dito ao pecador: \u201cSejam santos, pois eu, o Senhor,&nbsp;o Deus de voc\u00eas, sou santo\u201d (Lv 19.2). Na nova alian\u00e7a, esse padr\u00e3o n\u00e3o&nbsp;foi suspenso. O pr\u00f3prio Pedro, na carta anterior, cita o antigo mandamento&nbsp;e escreve: \u201cSejam santos em tudo o que fizerem, assim como Deus, que os&nbsp;chamou, \u00e9 santo\u201d (1Pe 1.15).&nbsp;<\/p>\n<p>A maravilhosa gra\u00e7a n\u00e3o dispensa a obriga\u00e7\u00e3o da santidade. Antes, relaciona&nbsp;o \u201csejam santos\u201d com a for\u00e7a da gratid\u00e3o.&nbsp;<\/p>\n<p>&nbsp;<\/p>\n<p><strong>&gt;&gt; Retirado de&nbsp;<\/strong><a href=\"https:\/\/loja.ultimato.com.br\/livros\/refeicoes-diarias-com-os-discipulos\"><strong><em>Refei\u00e7\u00f5es Di\u00e1rias com os Disc\u00edpulos<\/em><\/strong><\/a><strong> [Elben C\u00e9sar]. <\/strong><strong>Editora Ultimato.<\/strong><strong>&nbsp;<\/strong><\/p>\n<p>Ou\u00e7a e compartilhe nossas devocionais pelo <a href=\"https:\/\/open.spotify.com\/show\/7CG8DL9dgWZEgPzX3rnk51?si=1dbGejI2TQS16eamNjb2rA\">Spotify<\/a>!<\/p>\n<p><iframe loading=\"lazy\" style=\"border-radius: 12px;\" src=\"https:\/\/open.spotify.com\/embed\/show\/7CG8DL9dgWZEgPzX3rnk51?utm_source=generator&amp;theme=0\" width=\"100%\" height=\"152\" frameborder=\"0\" allowfullscreen=\"allowfullscreen\"><\/iframe>&nbsp;<\/p>\n","protected":false},"excerpt":{"rendered":"<p>Se voc\u00eas as tiverem e fizerem que elas aumentem, ser\u00e3o cada vez mais ativos. (2Pe 1.8b) Para terem um bom resultado e fazerem diferen\u00e7a, as qualidades apontadas&nbsp;progressivamente na torre de Pedro devem ser localizadas, buscadas, adquiridas,&nbsp;imploradas e vivenciadas. Isso ainda \u00e9 pouco. Tais qualidades devem&nbsp;ser tamb\u00e9m alimentadas, trabalhadas, ampliadas, enriquecidas e cultivadas.&nbsp; Se isso tudo [&hellip;]<\/p>\n","protected":false},"author":21,"featured_media":162,"comment_status":"open","ping_status":"open","sticky":false,"template":"","format":"standard","meta":{"ngg_post_thumbnail":0,"footnotes":""},"categories":[5478],"tags":[],"class_list":["post-10900","post","type-post","status-publish","format-standard","has-post-thumbnail","hentry","category-elben-cesar"],"publishpress_future_action":{"enabled":false,"date":"2026-05-04 17:48:53","action":"change-status","newStatus":"draft","terms":[],"taxonomy":"category","extraData":[]},"publishpress_future_workflow_manual_trigger":{"enabledWorkflows":[]},"_links":{"self":[{"href":"https:\/\/ultimato.com.br\/sites\/devocional-diaria\/wp-json\/wp\/v2\/posts\/10900","targetHints":{"allow":["GET"]}}],"collection":[{"href":"https:\/\/ultimato.com.br\/sites\/devocional-diaria\/wp-json\/wp\/v2\/posts"}],"about":[{"href":"https:\/\/ultimato.com.br\/sites\/devocional-diaria\/wp-json\/wp\/v2\/types\/post"}],"author":[{"embeddable":true,"href":"https:\/\/ultimato.com.br\/sites\/devocional-diaria\/wp-json\/wp\/v2\/users\/21"}],"replies":[{"embeddable":true,"href":"https:\/\/ultimato.com.br\/sites\/devocional-diaria\/wp-json\/wp\/v2\/comments?post=10900"}],"version-history":[{"count":1,"href":"https:\/\/ultimato.com.br\/sites\/devocional-diaria\/wp-json\/wp\/v2\/posts\/10900\/revisions"}],"predecessor-version":[{"id":10901,"href":"https:\/\/ultimato.com.br\/sites\/devocional-diaria\/wp-json\/wp\/v2\/posts\/10900\/revisions\/10901"}],"wp:featuredmedia":[{"embeddable":true,"href":"https:\/\/ultimato.com.br\/sites\/devocional-diaria\/wp-json\/wp\/v2\/media\/162"}],"wp:attachment":[{"href":"https:\/\/ultimato.com.br\/sites\/devocional-diaria\/wp-json\/wp\/v2\/media?parent=10900"}],"wp:term":[{"taxonomy":"category","embeddable":true,"href":"https:\/\/ultimato.com.br\/sites\/devocional-diaria\/wp-json\/wp\/v2\/categories?post=10900"},{"taxonomy":"post_tag","embeddable":true,"href":"https:\/\/ultimato.com.br\/sites\/devocional-diaria\/wp-json\/wp\/v2\/tags?post=10900"}],"curies":[{"name":"wp","href":"https:\/\/api.w.org\/{rel}","templated":true}]}}