{"id":10896,"date":"2023-12-27T00:00:54","date_gmt":"2023-12-27T03:00:54","guid":{"rendered":"https:\/\/ultimato.com.br\/sites\/devocional-diaria\/?p=10896"},"modified":"2023-12-12T08:44:51","modified_gmt":"2023-12-12T11:44:51","slug":"nobres-e-pobres","status":"publish","type":"post","link":"https:\/\/ultimato.com.br\/sites\/devocional-diaria\/2023\/12\/27\/autor\/elben-cesar\/nobres-e-pobres\/","title":{"rendered":"Nobres e pobres"},"content":{"rendered":"<p>Aben\u00e7oados s\u00e3o voc\u00eas, quando nada t\u00eam para oferecer. Quando voc\u00eas saem de cena, h\u00e1 mais de Deus e do seu governo. (Lc 6.20)<\/p>\n<p>A diferen\u00e7a entre nobres e pobres \u00e9 muito grande. Os nobres t\u00eam sangue&nbsp;azul. Os pobres nem nome t\u00eam. Os nobres s\u00e3o bajulados. Os pobres s\u00e3o&nbsp;afastados. Os nobres t\u00eam tudo. Os pobres n\u00e3o t\u00eam nada. Os nobres t\u00eam&nbsp;educa\u00e7\u00e3o. Os pobres mal assinam seu pr\u00f3prio nome. Os nobres se vestem&nbsp;de p\u00farpura e linho. Os pobres se cobrem de chagas. Os nobres se regalam&nbsp;esplendidamente. Os pobres alimentam-se das migalhas que caem da mesa&nbsp;dos nobres (Lc 16.19-21).&nbsp;<\/p>\n<p>Mas a maior diferen\u00e7a entre nobres e pobres \u00e9 outra. Os pobres s\u00e3o mais&nbsp;atingidos pela miseric\u00f3rdia de Deus do que os nobres. A primeira pesquisa&nbsp;a esse respeito foi feita por Paulo. Ele concluiu que n\u00e3o foram chamados&nbsp;muitos s\u00e1bios, nem muitos poderosos, nem muitos da alta sociedade. O&nbsp;n\u00famero dos pobres, dos desprezados, dos sem import\u00e2ncia no reino de Deus&nbsp;\u00e9 muito maior.&nbsp;<\/p>\n<p>A raz\u00e3o disso \u00e9 que os nobres s\u00e3o mais orgulhosos, mais ocupados, mais&nbsp;preconceituosos, mais secularistas, mais consumistas, mais incr\u00e9dulos e mais&nbsp;enfeiti\u00e7ados pelas regalias transit\u00f3rias. Ao passo que os pobres est\u00e3o de boca&nbsp;aberta, de m\u00e3os estendidas e de cora\u00e7\u00e3o sedento.&nbsp;<\/p>\n<p>Os c\u00e2nticos de Ana (1Sm 2.1-10) e de Maria (Lc 1.46-55) chamam aten\u00e7\u00e3o&nbsp;para o costume que Deus tem de derrubar de seus tronos os nobres e de&nbsp;exaltar os pobres, de encher de bens os famintos e despedir vazios os ricos.&nbsp;<\/p>\n<p>N\u00e3o fa\u00e7a muita quest\u00e3o de ser nobre. N\u00e3o valorize demais o seu nobre&nbsp;nascimento, a sua nobre posi\u00e7\u00e3o. Fa\u00e7a-se pobre de esp\u00edrito. Para ser alcan\u00e7ado&nbsp;pela gra\u00e7a de Deus.<strong>&nbsp;<\/strong><\/p>\n<p><strong>&nbsp;<\/strong><\/p>\n<p><strong>&gt;&gt; Retirado de&nbsp;<\/strong><a href=\"https:\/\/loja.ultimato.com.br\/livros\/cuide-das-raizes-espere-pelos-frutos\"><strong><em>Cuide das Ra\u00edzes, Espere pelos Frutos<\/em><\/strong><strong>,<\/strong><\/a><strong> [Elben C\u00e9sar]. <\/strong><strong>Editora Ultimato.<\/strong><\/p>\n<p>Ou\u00e7a e compartilhe nossas devocionais pelo <a href=\"https:\/\/open.spotify.com\/show\/7CG8DL9dgWZEgPzX3rnk51?si=1dbGejI2TQS16eamNjb2rA\">Spotify<\/a>!<\/p>\n<p><iframe loading=\"lazy\" style=\"border-radius: 12px;\" src=\"https:\/\/open.spotify.com\/embed\/show\/7CG8DL9dgWZEgPzX3rnk51?utm_source=generator&amp;theme=0\" width=\"100%\" height=\"152\" frameborder=\"0\" allowfullscreen=\"allowfullscreen\"><\/iframe>&nbsp;<\/p>\n","protected":false},"excerpt":{"rendered":"<p>Aben\u00e7oados s\u00e3o voc\u00eas, quando nada t\u00eam para oferecer. Quando voc\u00eas saem de cena, h\u00e1 mais de Deus e do seu governo. (Lc 6.20) A diferen\u00e7a entre nobres e pobres \u00e9 muito grande. Os nobres t\u00eam sangue&nbsp;azul. Os pobres nem nome t\u00eam. Os nobres s\u00e3o bajulados. Os pobres s\u00e3o&nbsp;afastados. Os nobres t\u00eam tudo. Os pobres n\u00e3o [&hellip;]<\/p>\n","protected":false},"author":21,"featured_media":163,"comment_status":"open","ping_status":"open","sticky":false,"template":"","format":"standard","meta":{"ngg_post_thumbnail":0,"footnotes":""},"categories":[5478],"tags":[],"class_list":["post-10896","post","type-post","status-publish","format-standard","has-post-thumbnail","hentry","category-elben-cesar"],"publishpress_future_action":{"enabled":false,"date":"2026-05-04 19:10:46","action":"change-status","newStatus":"draft","terms":[],"taxonomy":"category","extraData":[]},"publishpress_future_workflow_manual_trigger":{"enabledWorkflows":[]},"_links":{"self":[{"href":"https:\/\/ultimato.com.br\/sites\/devocional-diaria\/wp-json\/wp\/v2\/posts\/10896","targetHints":{"allow":["GET"]}}],"collection":[{"href":"https:\/\/ultimato.com.br\/sites\/devocional-diaria\/wp-json\/wp\/v2\/posts"}],"about":[{"href":"https:\/\/ultimato.com.br\/sites\/devocional-diaria\/wp-json\/wp\/v2\/types\/post"}],"author":[{"embeddable":true,"href":"https:\/\/ultimato.com.br\/sites\/devocional-diaria\/wp-json\/wp\/v2\/users\/21"}],"replies":[{"embeddable":true,"href":"https:\/\/ultimato.com.br\/sites\/devocional-diaria\/wp-json\/wp\/v2\/comments?post=10896"}],"version-history":[{"count":1,"href":"https:\/\/ultimato.com.br\/sites\/devocional-diaria\/wp-json\/wp\/v2\/posts\/10896\/revisions"}],"predecessor-version":[{"id":10899,"href":"https:\/\/ultimato.com.br\/sites\/devocional-diaria\/wp-json\/wp\/v2\/posts\/10896\/revisions\/10899"}],"wp:featuredmedia":[{"embeddable":true,"href":"https:\/\/ultimato.com.br\/sites\/devocional-diaria\/wp-json\/wp\/v2\/media\/163"}],"wp:attachment":[{"href":"https:\/\/ultimato.com.br\/sites\/devocional-diaria\/wp-json\/wp\/v2\/media?parent=10896"}],"wp:term":[{"taxonomy":"category","embeddable":true,"href":"https:\/\/ultimato.com.br\/sites\/devocional-diaria\/wp-json\/wp\/v2\/categories?post=10896"},{"taxonomy":"post_tag","embeddable":true,"href":"https:\/\/ultimato.com.br\/sites\/devocional-diaria\/wp-json\/wp\/v2\/tags?post=10896"}],"curies":[{"name":"wp","href":"https:\/\/api.w.org\/{rel}","templated":true}]}}