{"id":10889,"date":"2023-12-24T00:00:45","date_gmt":"2023-12-24T03:00:45","guid":{"rendered":"https:\/\/ultimato.com.br\/sites\/devocional-diaria\/?p=10889"},"modified":"2023-12-04T18:00:47","modified_gmt":"2023-12-04T21:00:47","slug":"vida-de-refugiado-2","status":"publish","type":"post","link":"https:\/\/ultimato.com.br\/sites\/devocional-diaria\/2023\/12\/24\/autor\/gladir-cabral-e-joao-leonel\/vida-de-refugiado-2\/","title":{"rendered":"Vida de refugiado"},"content":{"rendered":"<p>Jos\u00e9 e Maria, fugindo de Bel\u00e9m e buscando ref\u00fagio no Egito, escapam por pouco de um massacre. As for\u00e7as de Herodes se&nbsp;voltam contra as crian\u00e7as de Bel\u00e9m. Os cora\u00e7\u00f5es de Jos\u00e9 e Maria est\u00e3o aflitos. N\u00e3o conhecem a estrada, muito menos o que a vida lhes reserva al\u00e9m da fronteira, mas seguem adiante, confiados na orienta\u00e7\u00e3o de Deus. Sabem que, ainda que o pior aconte\u00e7a, Deus estar\u00e1 com eles.<\/p>\n<p>Jos\u00e9 e Maria encarnam a ang\u00fastia de todos os refugiados deste mundo, todos os que t\u00eam a vida a pre\u00e7o, ca\u00e7ados nas matas e desertos, vivendo no provis\u00f3rio das barracas e dos campos de refugiados, passando pelos olhares desconfiados dos guardas de fronteira e das pessoas que olham de soslaio das frestas e janelas das casas por onde passam. Deus tem um carinho todo especial pelos refugiados deste mundo, Seu Filho amado tamb\u00e9m foi um refugiado, um perseguido pol\u00edtico, alvo da ira dos homens.<\/p>\n<p>H\u00e1 tantos refugiados de guerra por este mundo afora. Cada grito de dor, cada choro abafado \u00e9 uma s\u00faplica que chega aos ouvidos de Deus.<\/p>\n<p><em>Deus, que o Senhor ou\u00e7a esses gritos e console aqueles que t\u00eam que abandonar seus lares e aqueles que nem t\u00eam mais lar para abandonar. Am\u00e9m.<\/em><\/p>\n<p>&nbsp;<\/p>\n<p>Autores: Gladir Cabral e Jo\u00e3o Leonel<\/p>\n<p>Originalmente publicado em <em>O Menino e o Reino <\/em>(Editora Ultimato).<\/p>\n","protected":false},"excerpt":{"rendered":"<p>Jos\u00e9 e Maria, fugindo de Bel\u00e9m e buscando ref\u00fagio no Egito, escapam por pouco de um massacre. As for\u00e7as de Herodes se&nbsp;voltam contra as crian\u00e7as de Bel\u00e9m. Os cora\u00e7\u00f5es de Jos\u00e9 e Maria est\u00e3o aflitos. N\u00e3o conhecem a estrada, muito menos o que a vida lhes reserva al\u00e9m da fronteira, mas seguem adiante, confiados na [&hellip;]<\/p>\n","protected":false},"author":21,"featured_media":166,"comment_status":"open","ping_status":"open","sticky":false,"template":"","format":"standard","meta":{"ngg_post_thumbnail":0,"footnotes":""},"categories":[17808],"tags":[],"class_list":["post-10889","post","type-post","status-publish","format-standard","has-post-thumbnail","hentry","category-gladir-cabral-e-joao-leonel"],"publishpress_future_action":{"enabled":false,"date":"2026-05-04 17:56:21","action":"change-status","newStatus":"draft","terms":[],"taxonomy":"category","extraData":[]},"publishpress_future_workflow_manual_trigger":{"enabledWorkflows":[]},"_links":{"self":[{"href":"https:\/\/ultimato.com.br\/sites\/devocional-diaria\/wp-json\/wp\/v2\/posts\/10889","targetHints":{"allow":["GET"]}}],"collection":[{"href":"https:\/\/ultimato.com.br\/sites\/devocional-diaria\/wp-json\/wp\/v2\/posts"}],"about":[{"href":"https:\/\/ultimato.com.br\/sites\/devocional-diaria\/wp-json\/wp\/v2\/types\/post"}],"author":[{"embeddable":true,"href":"https:\/\/ultimato.com.br\/sites\/devocional-diaria\/wp-json\/wp\/v2\/users\/21"}],"replies":[{"embeddable":true,"href":"https:\/\/ultimato.com.br\/sites\/devocional-diaria\/wp-json\/wp\/v2\/comments?post=10889"}],"version-history":[{"count":1,"href":"https:\/\/ultimato.com.br\/sites\/devocional-diaria\/wp-json\/wp\/v2\/posts\/10889\/revisions"}],"predecessor-version":[{"id":10890,"href":"https:\/\/ultimato.com.br\/sites\/devocional-diaria\/wp-json\/wp\/v2\/posts\/10889\/revisions\/10890"}],"wp:featuredmedia":[{"embeddable":true,"href":"https:\/\/ultimato.com.br\/sites\/devocional-diaria\/wp-json\/wp\/v2\/media\/166"}],"wp:attachment":[{"href":"https:\/\/ultimato.com.br\/sites\/devocional-diaria\/wp-json\/wp\/v2\/media?parent=10889"}],"wp:term":[{"taxonomy":"category","embeddable":true,"href":"https:\/\/ultimato.com.br\/sites\/devocional-diaria\/wp-json\/wp\/v2\/categories?post=10889"},{"taxonomy":"post_tag","embeddable":true,"href":"https:\/\/ultimato.com.br\/sites\/devocional-diaria\/wp-json\/wp\/v2\/tags?post=10889"}],"curies":[{"name":"wp","href":"https:\/\/api.w.org\/{rel}","templated":true}]}}