{"id":10885,"date":"2023-12-22T00:00:02","date_gmt":"2023-12-22T03:00:02","guid":{"rendered":"https:\/\/ultimato.com.br\/sites\/devocional-diaria\/?p=10885"},"modified":"2023-12-04T17:55:31","modified_gmt":"2023-12-04T20:55:31","slug":"os-magos-de-jesus-2","status":"publish","type":"post","link":"https:\/\/ultimato.com.br\/sites\/devocional-diaria\/2023\/12\/22\/autor\/elben-cesar\/os-magos-de-jesus-2\/","title":{"rendered":"Os magos de Jesus"},"content":{"rendered":"<p><em>Onde est\u00e1 o rec\u00e9m-nascido Rei dos judeus?&nbsp;Porque vimos a sua estrela no Oriente e viemos para ador\u00e1-lo.<\/em>&nbsp;(Mateus 2.2)<\/p>\n<p>H\u00e1 uma grande diferen\u00e7a entre astronomia e astrologia. Os homens que vieram do Oriente para adorar e presentear o rec\u00e9m-nascido Rei dos judeus eram magos \u2014 palavra de origem iraniana que originalmente indica os observadores e estudiosos dos corpos celestes. A seriedade dada ao nascimento e \u00e0 pessoa de Jesus mostra que os magos eram astr\u00f4nomos (e n\u00e3o astr\u00f3logos), pessoas acentuadamente religiosas e devotas.<\/p>\n<p>N\u00e3o se sabe ao certo se eles vieram da P\u00e9rsia (hoje Ir\u00e3) ou da Babil\u00f4nia (hoje Iraque). O que se sabe \u00e9 que eles viram alguma coisa diferente no espa\u00e7o que apontava para um evento de grande import\u00e2ncia na hist\u00f3ria da humanidade \u2014 o nascimento de Jesus. Muito bem informados a respeito do rec\u00e9m-nascido, os magos trouxeram ouro, incenso e mirra \u00e0 crian\u00e7a e a adoraram, para surpresa de Maria e Jos\u00e9 (Mt 2.1-12). O gesto deles contrasta com o gesto de Herodes, e seus presentes contrastam com a pobreza da manjedoura.<\/p>\n<p>O culto prestado pelos magos ao Rei dos judeus prenuncia o louvor universal que ser\u00e1 dado ao nome de Jesus (Fp 2.10-11).<\/p>\n<p><em>Os magos vieram de longe e o adoraram. E eu?&nbsp;<\/em><\/p>\n<p>&nbsp;<\/p>\n<p><strong>&gt;&gt; Retirado de&nbsp;<\/strong><a href=\"https:\/\/www.ultimato.com.br\/loja\/produtos\/refeicoes-diarias-com-jesus\"><strong><em>Refei\u00e7\u00f5es Di\u00e1rias com Jesus<\/em><\/strong><\/a><strong> [Elben C\u00e9sar]. <\/strong><strong>Editora Ultimato.<\/strong><\/p>\n<p>Ou\u00e7a e compartilhe nossas devocionais pelo <a href=\"https:\/\/open.spotify.com\/show\/7CG8DL9dgWZEgPzX3rnk51?si=1dbGejI2TQS16eamNjb2rA\">Spotify<\/a>!<\/p>\n<p><iframe loading=\"lazy\" style=\"border-radius: 12px;\" src=\"https:\/\/open.spotify.com\/embed\/show\/7CG8DL9dgWZEgPzX3rnk51?utm_source=generator&amp;theme=0\" width=\"100%\" height=\"152\" frameborder=\"0\" allowfullscreen=\"allowfullscreen\"><\/iframe>&nbsp;<\/p>\n","protected":false},"excerpt":{"rendered":"<p>Onde est\u00e1 o rec\u00e9m-nascido Rei dos judeus?&nbsp;Porque vimos a sua estrela no Oriente e viemos para ador\u00e1-lo.&nbsp;(Mateus 2.2) H\u00e1 uma grande diferen\u00e7a entre astronomia e astrologia. Os homens que vieram do Oriente para adorar e presentear o rec\u00e9m-nascido Rei dos judeus eram magos \u2014 palavra de origem iraniana que originalmente indica os observadores e estudiosos [&hellip;]<\/p>\n","protected":false},"author":21,"featured_media":161,"comment_status":"open","ping_status":"open","sticky":false,"template":"","format":"standard","meta":{"ngg_post_thumbnail":0,"footnotes":""},"categories":[5478],"tags":[],"class_list":["post-10885","post","type-post","status-publish","format-standard","has-post-thumbnail","hentry","category-elben-cesar"],"publishpress_future_action":{"enabled":false,"date":"2026-05-04 16:29:18","action":"change-status","newStatus":"draft","terms":[],"taxonomy":"category","extraData":[]},"publishpress_future_workflow_manual_trigger":{"enabledWorkflows":[]},"_links":{"self":[{"href":"https:\/\/ultimato.com.br\/sites\/devocional-diaria\/wp-json\/wp\/v2\/posts\/10885","targetHints":{"allow":["GET"]}}],"collection":[{"href":"https:\/\/ultimato.com.br\/sites\/devocional-diaria\/wp-json\/wp\/v2\/posts"}],"about":[{"href":"https:\/\/ultimato.com.br\/sites\/devocional-diaria\/wp-json\/wp\/v2\/types\/post"}],"author":[{"embeddable":true,"href":"https:\/\/ultimato.com.br\/sites\/devocional-diaria\/wp-json\/wp\/v2\/users\/21"}],"replies":[{"embeddable":true,"href":"https:\/\/ultimato.com.br\/sites\/devocional-diaria\/wp-json\/wp\/v2\/comments?post=10885"}],"version-history":[{"count":1,"href":"https:\/\/ultimato.com.br\/sites\/devocional-diaria\/wp-json\/wp\/v2\/posts\/10885\/revisions"}],"predecessor-version":[{"id":10886,"href":"https:\/\/ultimato.com.br\/sites\/devocional-diaria\/wp-json\/wp\/v2\/posts\/10885\/revisions\/10886"}],"wp:featuredmedia":[{"embeddable":true,"href":"https:\/\/ultimato.com.br\/sites\/devocional-diaria\/wp-json\/wp\/v2\/media\/161"}],"wp:attachment":[{"href":"https:\/\/ultimato.com.br\/sites\/devocional-diaria\/wp-json\/wp\/v2\/media?parent=10885"}],"wp:term":[{"taxonomy":"category","embeddable":true,"href":"https:\/\/ultimato.com.br\/sites\/devocional-diaria\/wp-json\/wp\/v2\/categories?post=10885"},{"taxonomy":"post_tag","embeddable":true,"href":"https:\/\/ultimato.com.br\/sites\/devocional-diaria\/wp-json\/wp\/v2\/tags?post=10885"}],"curies":[{"name":"wp","href":"https:\/\/api.w.org\/{rel}","templated":true}]}}