{"id":10883,"date":"2023-12-21T00:00:48","date_gmt":"2023-12-21T03:00:48","guid":{"rendered":"https:\/\/ultimato.com.br\/sites\/devocional-diaria\/?p=10883"},"modified":"2023-12-04T17:53:58","modified_gmt":"2023-12-04T20:53:58","slug":"senhor-despede-me-em-paz-2","status":"publish","type":"post","link":"https:\/\/ultimato.com.br\/sites\/devocional-diaria\/2023\/12\/21\/autor\/ricardo-barbosa-de-sousa\/senhor-despede-me-em-paz-2\/","title":{"rendered":"Senhor, despede-me em paz"},"content":{"rendered":"<p>\u201cSime\u00e3o o tomou nos bra\u00e7os e louvou a Deus, dizendo: Agora,&nbsp;Senhor, podes despedir em paz o teu servo, segundo a tua&nbsp;palavra; porque os meus olhos j\u00e1 viram a tua salva\u00e7\u00e3o, a qual&nbsp;preparaste diante de todos os povos: luz para revela\u00e7\u00e3o aos&nbsp;gentios, e para gl\u00f3ria de Israel\u201d (Lucas 2.28-32).<\/p>\n<p>Sime\u00e3o toma Jesus nos bra\u00e7os, contempla aquela crian\u00e7a de&nbsp;poucos dias, talvez dormindo tranquila como o sono de todo&nbsp;beb\u00ea, e ora. Sua ora\u00e7\u00e3o \u00e9 de um anci\u00e3o que j\u00e1 viveu muito, viu&nbsp;de tudo, mas agora, com Jesus nos bra\u00e7os, n\u00e3o h\u00e1 mais nada&nbsp;para ver ou provar, j\u00e1 pode morrer, descansar em paz. Sime\u00e3o&nbsp;esperou toda sua vida para ter nos bra\u00e7os aquela crian\u00e7a e&nbsp;contemplar nela a salva\u00e7\u00e3o, ela trazia consigo a esperan\u00e7a e o&nbsp;sentido da vida.&nbsp;<\/p>\n<p>O que levaria um homem a dizer: agora posso morrer em&nbsp;paz? Penso que somente um profundo sentimento de plenitude,&nbsp;completa realiza\u00e7\u00e3o e certeza absoluta de quem sabe que&nbsp;a vida tem sentido e a morte pode ser acolhida como uma amiga e n\u00e3o como inimiga. Na verdade, era a crian\u00e7a de Bel\u00e9m&nbsp;que tinha Sime\u00e3o nos bra\u00e7os, era ele que agora podia dormir&nbsp;tranquilo nas m\u00e3os de Jesus. Seus olhos viram a salva\u00e7\u00e3o e a&nbsp;paz do descanso o envolveu.&nbsp;<\/p>\n<p>A presen\u00e7a de Jesus te traz seguran\u00e7a em rela\u00e7\u00e3o a vida e&nbsp;a morte?<\/p>\n<p>Ore para que neste dia a paz da salva\u00e7\u00e3o encontre os cora\u00e7\u00f5es&nbsp;cansados e lhes d\u00ea o descanso que Deus preparou em Cristo&nbsp;para todos os povos<strong>.<\/strong><\/p>\n<p><strong>&nbsp;<\/strong><\/p>\n<p><strong>&gt;&gt; Retirado de&nbsp;<\/strong><a href=\"https:\/\/www.ultimato.com.br\/loja\/produtos\/refeicoes-diarias-celebrando-a-reconciliacao\"><strong><em>Refei\u00e7\u00f5es Di\u00e1rias \u2013 Celebrando a Reconcilia\u00e7\u00e3o<\/em><\/strong><\/a><strong>. <\/strong><strong>Editora Ultimato.<\/strong><\/p>\n<p>Ou\u00e7a e compartilhe nossas devocionais pelo <a href=\"https:\/\/open.spotify.com\/show\/7CG8DL9dgWZEgPzX3rnk51?si=1dbGejI2TQS16eamNjb2rA\">Spotify<\/a>!<\/p>\n<p><iframe loading=\"lazy\" style=\"border-radius: 12px;\" src=\"https:\/\/open.spotify.com\/embed\/show\/7CG8DL9dgWZEgPzX3rnk51?utm_source=generator&amp;theme=0\" width=\"100%\" height=\"152\" frameborder=\"0\" allowfullscreen=\"allowfullscreen\"><\/iframe>&nbsp;<\/p>\n","protected":false},"excerpt":{"rendered":"<p>\u201cSime\u00e3o o tomou nos bra\u00e7os e louvou a Deus, dizendo: Agora,&nbsp;Senhor, podes despedir em paz o teu servo, segundo a tua&nbsp;palavra; porque os meus olhos j\u00e1 viram a tua salva\u00e7\u00e3o, a qual&nbsp;preparaste diante de todos os povos: luz para revela\u00e7\u00e3o aos&nbsp;gentios, e para gl\u00f3ria de Israel\u201d (Lucas 2.28-32). Sime\u00e3o toma Jesus nos bra\u00e7os, contempla aquela [&hellip;]<\/p>\n","protected":false},"author":21,"featured_media":162,"comment_status":"open","ping_status":"open","sticky":false,"template":"","format":"standard","meta":{"ngg_post_thumbnail":0,"footnotes":""},"categories":[17805],"tags":[],"class_list":["post-10883","post","type-post","status-publish","format-standard","has-post-thumbnail","hentry","category-ricardo-barbosa-de-sousa"],"publishpress_future_action":{"enabled":false,"date":"2026-05-04 14:59:34","action":"change-status","newStatus":"draft","terms":[],"taxonomy":"category","extraData":[]},"publishpress_future_workflow_manual_trigger":{"enabledWorkflows":[]},"_links":{"self":[{"href":"https:\/\/ultimato.com.br\/sites\/devocional-diaria\/wp-json\/wp\/v2\/posts\/10883","targetHints":{"allow":["GET"]}}],"collection":[{"href":"https:\/\/ultimato.com.br\/sites\/devocional-diaria\/wp-json\/wp\/v2\/posts"}],"about":[{"href":"https:\/\/ultimato.com.br\/sites\/devocional-diaria\/wp-json\/wp\/v2\/types\/post"}],"author":[{"embeddable":true,"href":"https:\/\/ultimato.com.br\/sites\/devocional-diaria\/wp-json\/wp\/v2\/users\/21"}],"replies":[{"embeddable":true,"href":"https:\/\/ultimato.com.br\/sites\/devocional-diaria\/wp-json\/wp\/v2\/comments?post=10883"}],"version-history":[{"count":1,"href":"https:\/\/ultimato.com.br\/sites\/devocional-diaria\/wp-json\/wp\/v2\/posts\/10883\/revisions"}],"predecessor-version":[{"id":10884,"href":"https:\/\/ultimato.com.br\/sites\/devocional-diaria\/wp-json\/wp\/v2\/posts\/10883\/revisions\/10884"}],"wp:featuredmedia":[{"embeddable":true,"href":"https:\/\/ultimato.com.br\/sites\/devocional-diaria\/wp-json\/wp\/v2\/media\/162"}],"wp:attachment":[{"href":"https:\/\/ultimato.com.br\/sites\/devocional-diaria\/wp-json\/wp\/v2\/media?parent=10883"}],"wp:term":[{"taxonomy":"category","embeddable":true,"href":"https:\/\/ultimato.com.br\/sites\/devocional-diaria\/wp-json\/wp\/v2\/categories?post=10883"},{"taxonomy":"post_tag","embeddable":true,"href":"https:\/\/ultimato.com.br\/sites\/devocional-diaria\/wp-json\/wp\/v2\/tags?post=10883"}],"curies":[{"name":"wp","href":"https:\/\/api.w.org\/{rel}","templated":true}]}}