{"id":10881,"date":"2023-12-20T00:00:27","date_gmt":"2023-12-20T03:00:27","guid":{"rendered":"https:\/\/ultimato.com.br\/sites\/devocional-diaria\/?p=10881"},"modified":"2023-12-04T17:50:32","modified_gmt":"2023-12-04T20:50:32","slug":"jesus-e-o-principio-e-o-fim-3","status":"publish","type":"post","link":"https:\/\/ultimato.com.br\/sites\/devocional-diaria\/2023\/12\/20\/autor\/elben-cesar\/jesus-e-o-principio-e-o-fim-3\/","title":{"rendered":"Jesus \u00e9 o princ\u00edpio e o fim"},"content":{"rendered":"<p><em>Eu sou o Alfa e o \u00d4mega, o Primeiro e o \u00daltimo, o Princ\u00edpio e o Fim.<\/em>&nbsp;(Apocalipse 22.13)<\/p>\n<p>A hist\u00f3ria de Jesus n\u00e3o tem come\u00e7o nem fim. Come\u00e7a e termina na eternidade. Termina onde come\u00e7a e come\u00e7a onde termina. N\u00e3o h\u00e1 outra hist\u00f3ria igual \u00e0 dele.&nbsp;<\/p>\n<p>Quem nos diz isso \u00e9 Jo\u00e3o, no pr\u00f3logo do seu Evangelho: \u201cNo princ\u00edpio era o Verbo, e o Verbo estava com Deus, e o Verbo era Deus\u201d (Jo 1.1). Ele j\u00e1 existia no princ\u00edpio mais remoto: \u201cTodas as coisas foram feitas por interm\u00e9dio dele, e, sem ele, nada do que foi feito se fez\u201d (Jo 1.2).&nbsp;<\/p>\n<p>Jesus \u00e9 o \u00fanico cuja hist\u00f3ria n\u00e3o come\u00e7a no dia do nascimento, nem no dia da concep\u00e7\u00e3o. E n\u00e3o termina no dia da morte, do sepultamento ou da crema\u00e7\u00e3o.&nbsp;<\/p>\n<p>As primeiras palavras da Primeira Ep\u00edstola de Jo\u00e3o refor\u00e7am a eternidade de Jesus: \u201cO que era desde o princ\u00edpio, n\u00f3s o ouvimos, n\u00f3s o vimos com os nossos pr\u00f3prios olhos, n\u00f3s o contemplamos e com as nossas m\u00e3os apalpamos o Verbo da Vida\u201d (1Jo 1.1, HR).&nbsp;<\/p>\n<p>Devo colocar o rosto em terra diante daquele que n\u00e3o tem princ\u00edpio nem fim.&nbsp;<\/p>\n<p><strong>&nbsp;<\/strong><\/p>\n<p><strong>&gt;&gt; Retirado de&nbsp;<\/strong><a href=\"https:\/\/www.ultimato.com.br\/loja\/produtos\/refeicoes-diarias-com-jesus\"><strong><em>Refei\u00e7\u00f5es Di\u00e1rias com Jesus<\/em><\/strong><\/a><strong> [Elben C\u00e9sar]. <\/strong><strong>Editora Ultimato.<\/strong><\/p>\n<p>Ou\u00e7a e compartilhe nossas devocionais pelo <a href=\"https:\/\/open.spotify.com\/show\/7CG8DL9dgWZEgPzX3rnk51?si=1dbGejI2TQS16eamNjb2rA\">Spotify<\/a>!<\/p>\n<p><iframe loading=\"lazy\" style=\"border-radius: 12px;\" src=\"https:\/\/open.spotify.com\/embed\/show\/7CG8DL9dgWZEgPzX3rnk51?utm_source=generator&amp;theme=0\" width=\"100%\" height=\"152\" frameborder=\"0\" allowfullscreen=\"allowfullscreen\"><\/iframe>&nbsp;<\/p>\n","protected":false},"excerpt":{"rendered":"<p>Eu sou o Alfa e o \u00d4mega, o Primeiro e o \u00daltimo, o Princ\u00edpio e o Fim.&nbsp;(Apocalipse 22.13) A hist\u00f3ria de Jesus n\u00e3o tem come\u00e7o nem fim. Come\u00e7a e termina na eternidade. Termina onde come\u00e7a e come\u00e7a onde termina. N\u00e3o h\u00e1 outra hist\u00f3ria igual \u00e0 dele.&nbsp; Quem nos diz isso \u00e9 Jo\u00e3o, no pr\u00f3logo do [&hellip;]<\/p>\n","protected":false},"author":21,"featured_media":163,"comment_status":"open","ping_status":"open","sticky":false,"template":"","format":"standard","meta":{"ngg_post_thumbnail":0,"footnotes":""},"categories":[5478],"tags":[],"class_list":["post-10881","post","type-post","status-publish","format-standard","has-post-thumbnail","hentry","category-elben-cesar"],"publishpress_future_action":{"enabled":false,"date":"2026-05-04 16:30:36","action":"change-status","newStatus":"draft","terms":[],"taxonomy":"category","extraData":[]},"publishpress_future_workflow_manual_trigger":{"enabledWorkflows":[]},"_links":{"self":[{"href":"https:\/\/ultimato.com.br\/sites\/devocional-diaria\/wp-json\/wp\/v2\/posts\/10881","targetHints":{"allow":["GET"]}}],"collection":[{"href":"https:\/\/ultimato.com.br\/sites\/devocional-diaria\/wp-json\/wp\/v2\/posts"}],"about":[{"href":"https:\/\/ultimato.com.br\/sites\/devocional-diaria\/wp-json\/wp\/v2\/types\/post"}],"author":[{"embeddable":true,"href":"https:\/\/ultimato.com.br\/sites\/devocional-diaria\/wp-json\/wp\/v2\/users\/21"}],"replies":[{"embeddable":true,"href":"https:\/\/ultimato.com.br\/sites\/devocional-diaria\/wp-json\/wp\/v2\/comments?post=10881"}],"version-history":[{"count":1,"href":"https:\/\/ultimato.com.br\/sites\/devocional-diaria\/wp-json\/wp\/v2\/posts\/10881\/revisions"}],"predecessor-version":[{"id":10882,"href":"https:\/\/ultimato.com.br\/sites\/devocional-diaria\/wp-json\/wp\/v2\/posts\/10881\/revisions\/10882"}],"wp:featuredmedia":[{"embeddable":true,"href":"https:\/\/ultimato.com.br\/sites\/devocional-diaria\/wp-json\/wp\/v2\/media\/163"}],"wp:attachment":[{"href":"https:\/\/ultimato.com.br\/sites\/devocional-diaria\/wp-json\/wp\/v2\/media?parent=10881"}],"wp:term":[{"taxonomy":"category","embeddable":true,"href":"https:\/\/ultimato.com.br\/sites\/devocional-diaria\/wp-json\/wp\/v2\/categories?post=10881"},{"taxonomy":"post_tag","embeddable":true,"href":"https:\/\/ultimato.com.br\/sites\/devocional-diaria\/wp-json\/wp\/v2\/tags?post=10881"}],"curies":[{"name":"wp","href":"https:\/\/api.w.org\/{rel}","templated":true}]}}