{"id":10879,"date":"2023-12-19T00:00:11","date_gmt":"2023-12-19T03:00:11","guid":{"rendered":"https:\/\/ultimato.com.br\/sites\/devocional-diaria\/?p=10879"},"modified":"2023-12-04T17:44:21","modified_gmt":"2023-12-04T20:44:21","slug":"jesus-entra-no-tempo-3","status":"publish","type":"post","link":"https:\/\/ultimato.com.br\/sites\/devocional-diaria\/2023\/12\/19\/autor\/elben-cesar\/jesus-entra-no-tempo-3\/","title":{"rendered":"Jesus entra no tempo"},"content":{"rendered":"<p><em>Eis aqui vos trago boa-nova de grande alegria, que o ser\u00e1 para todo o povo: \u00e9 que hoje vos nasceu na cidade de Davi, o Salvador, que \u00e9 Cristo, o Senhor<\/em>. (Lucas 2.11)<\/p>\n<p>Quando chegou a data certa, o Verbo \u201cse fez carne e habitou entre n\u00f3s, cheio de gra\u00e7a e de verdade, e vimos a sua gl\u00f3ria\u201d (Jo 1.14). Exatamente a\u00ed, Jesus entra dentro do tempo e torna-se vis\u00edvel e palp\u00e1vel. Referindo-se a esse evento, Paulo escreve que \u201cvindo a plenitude do tempo, Deus enviou seu Filho, nascido de mulher, nascido sob a lei, para resgatar os que estavam sob a lei\u201d (Gl 4.4).<\/p>\n<p>Ao tomar forma humana, o Verbo n\u00e3o deixa de ser o Verbo, n\u00e3o deixa de ser Deus, n\u00e3o deixa de ser eterno. Ele apenas torna-se igual a n\u00f3s, vira gente, humaniza-se.<\/p>\n<p>A esse evento e a esse dia, d\u00e1-se o nome de Natal. Aconteceu numa modesta estrebaria em Bel\u00e9m da Jud\u00e9ia. \u00c9 um acontecimento t\u00e3o importante na agenda de Deus que h\u00e1 uma eclos\u00e3o de milhares de seres angelicais nos c\u00e9us de Bel\u00e9m. Eles cantam: gl\u00f3ria a Deus no andar de cima e paz entre os homens no andar do baixo (Lc 2.14).<\/p>\n<p><em>Devo colocar meu rosto no ch\u00e3o diante daquele que se fez carne e habitou conosco.<\/em><\/p>\n<p>&nbsp;<\/p>\n<p><strong>&gt;&gt; Retirado de&nbsp;<\/strong><a href=\"https:\/\/www.ultimato.com.br\/loja\/produtos\/refeicoes-diarias-com-jesus\"><strong><em>Refei\u00e7\u00f5es Di\u00e1rias com Jesus<\/em><\/strong><\/a><strong> [Elben C\u00e9sar]. <\/strong><strong>Editora Ultimato.<\/strong><\/p>\n<p>Ou\u00e7a e compartilhe nossas devocionais pelo <a href=\"https:\/\/open.spotify.com\/show\/7CG8DL9dgWZEgPzX3rnk51?si=1dbGejI2TQS16eamNjb2rA\">Spotify<\/a>!<\/p>\n<p><iframe loading=\"lazy\" style=\"border-radius: 12px;\" src=\"https:\/\/open.spotify.com\/embed\/show\/7CG8DL9dgWZEgPzX3rnk51?utm_source=generator&amp;theme=0\" width=\"100%\" height=\"152\" frameborder=\"0\" allowfullscreen=\"allowfullscreen\"><\/iframe>&nbsp;<\/p>\n","protected":false},"excerpt":{"rendered":"<p>Eis aqui vos trago boa-nova de grande alegria, que o ser\u00e1 para todo o povo: \u00e9 que hoje vos nasceu na cidade de Davi, o Salvador, que \u00e9 Cristo, o Senhor. (Lucas 2.11) Quando chegou a data certa, o Verbo \u201cse fez carne e habitou entre n\u00f3s, cheio de gra\u00e7a e de verdade, e vimos [&hellip;]<\/p>\n","protected":false},"author":21,"featured_media":164,"comment_status":"open","ping_status":"open","sticky":false,"template":"","format":"standard","meta":{"ngg_post_thumbnail":0,"footnotes":""},"categories":[5478],"tags":[],"class_list":["post-10879","post","type-post","status-publish","format-standard","has-post-thumbnail","hentry","category-elben-cesar"],"publishpress_future_action":{"enabled":false,"date":"2026-05-04 16:29:46","action":"change-status","newStatus":"draft","terms":[],"taxonomy":"category","extraData":[]},"publishpress_future_workflow_manual_trigger":{"enabledWorkflows":[]},"_links":{"self":[{"href":"https:\/\/ultimato.com.br\/sites\/devocional-diaria\/wp-json\/wp\/v2\/posts\/10879","targetHints":{"allow":["GET"]}}],"collection":[{"href":"https:\/\/ultimato.com.br\/sites\/devocional-diaria\/wp-json\/wp\/v2\/posts"}],"about":[{"href":"https:\/\/ultimato.com.br\/sites\/devocional-diaria\/wp-json\/wp\/v2\/types\/post"}],"author":[{"embeddable":true,"href":"https:\/\/ultimato.com.br\/sites\/devocional-diaria\/wp-json\/wp\/v2\/users\/21"}],"replies":[{"embeddable":true,"href":"https:\/\/ultimato.com.br\/sites\/devocional-diaria\/wp-json\/wp\/v2\/comments?post=10879"}],"version-history":[{"count":1,"href":"https:\/\/ultimato.com.br\/sites\/devocional-diaria\/wp-json\/wp\/v2\/posts\/10879\/revisions"}],"predecessor-version":[{"id":10880,"href":"https:\/\/ultimato.com.br\/sites\/devocional-diaria\/wp-json\/wp\/v2\/posts\/10879\/revisions\/10880"}],"wp:featuredmedia":[{"embeddable":true,"href":"https:\/\/ultimato.com.br\/sites\/devocional-diaria\/wp-json\/wp\/v2\/media\/164"}],"wp:attachment":[{"href":"https:\/\/ultimato.com.br\/sites\/devocional-diaria\/wp-json\/wp\/v2\/media?parent=10879"}],"wp:term":[{"taxonomy":"category","embeddable":true,"href":"https:\/\/ultimato.com.br\/sites\/devocional-diaria\/wp-json\/wp\/v2\/categories?post=10879"},{"taxonomy":"post_tag","embeddable":true,"href":"https:\/\/ultimato.com.br\/sites\/devocional-diaria\/wp-json\/wp\/v2\/tags?post=10879"}],"curies":[{"name":"wp","href":"https:\/\/api.w.org\/{rel}","templated":true}]}}