{"id":10877,"date":"2023-12-18T00:00:50","date_gmt":"2023-12-18T03:00:50","guid":{"rendered":"https:\/\/ultimato.com.br\/sites\/devocional-diaria\/?p=10877"},"modified":"2023-12-04T17:41:56","modified_gmt":"2023-12-04T20:41:56","slug":"resplandeceu-a-luz-5","status":"publish","type":"post","link":"https:\/\/ultimato.com.br\/sites\/devocional-diaria\/2023\/12\/18\/autor\/ricardo-barbosa-de-sousa\/resplandeceu-a-luz-5\/","title":{"rendered":"Resplandeceu a luz"},"content":{"rendered":"<p>O povo que andava em trevas viu grande luz, e aos que viviam&nbsp;na regi\u00e3o da sombra da morte resplandeceu-lhes a&nbsp;luz (Isa\u00edas 9:2).<\/p>\n<p>\u00c9 poss\u00edvel andar na escurid\u00e3o ou viver nos lugares onde a morte&nbsp;paira como sombra? Sim, \u00e9 poss\u00edvel. Cruzamos o tempo todo com&nbsp;pessoas que andam sem saber para onde est\u00e3o indo, seguem seus&nbsp;impulsos naturais ou as vozes e sons de outros, mas n\u00e3o conseguem&nbsp;enxergar o caminho; apenas andam dia ap\u00f3s dia sem chegar a lugar&nbsp;algum. H\u00e1 tamb\u00e9m os que habitam em lugares onde a presen\u00e7a&nbsp;da morte \u00e9 constante, \u00e9 como uma sombra que os envolve a todo&nbsp;momento; homens e mulheres, velhos e crian\u00e7as. Favela Naval,&nbsp;Candel\u00e1ria, Carandir\u00fa, Eldorado dos Caraj\u00e1s. H\u00e1 tamb\u00e9m as&nbsp;mortes emocionais e psicol\u00f3gicas daqueles que sofrem toda sorte&nbsp;de abusos, viol\u00eancias, mutila\u00e7\u00f5es, vergonha e solid\u00e3o. S\u00e3o muitos&nbsp;os que ainda andam na escurid\u00e3o e vivem \u00e0 beira da morte.&nbsp;<\/p>\n<p>A Crian\u00e7a de Bel\u00e9m veio ao mundo trazendo luz e mostrando&nbsp;um novo caminho para os que andam na escurid\u00e3o, e&nbsp;esperan\u00e7a para os que vivem aguardando a morte. Veio para&nbsp;dar sentido \u00e0 vida e oferecer um lugar de comunh\u00e3o e paz.&nbsp;<\/p>\n<p>Em que sentido a presen\u00e7a de Jesus trouxe luz e vida para voc\u00ea?&nbsp;<\/p>\n<p>Obrigado Senhor por teres iluminado meu caminho, dado sentido a&nbsp;minha vida, me convidado para a comunh\u00e3o contigo e teus filhos.&nbsp;J\u00e1 n\u00e3o ando em trevas e vivo abundantemente. D\u00ea-me gra\u00e7a e poder&nbsp;para que seja um feixe da tua luz entre os homens, dando-lhes a m\u00e3o&nbsp;para que tamb\u00e9m conhe\u00e7am o teu amor e tua salva\u00e7\u00e3o.&nbsp;Am\u00e9m.&nbsp;<\/p>\n<p>&nbsp;<\/p>\n<p><strong>&gt;&gt; Retirado de&nbsp;Para Celebrar o Natal. <\/strong><a href=\"https:\/\/www.ultimato.com.br\/loja\/produtos\/refeicoes-diarias-com-jesus\"><strong><em>Refei\u00e7\u00f5es Di\u00e1rias com Jesus<\/em><\/strong><\/a><strong> [Ricardo Barbosa]. <\/strong><strong>Editora Ultimato.<\/strong><\/p>\n<p>Ou\u00e7a e compartilhe nossas devocionais pelo <a href=\"https:\/\/open.spotify.com\/show\/7CG8DL9dgWZEgPzX3rnk51?si=1dbGejI2TQS16eamNjb2rA\">Spotify<\/a>!<\/p>\n<p><iframe loading=\"lazy\" style=\"border-radius: 12px;\" src=\"https:\/\/open.spotify.com\/embed\/show\/7CG8DL9dgWZEgPzX3rnk51?utm_source=generator&amp;theme=0\" width=\"100%\" height=\"152\" frameborder=\"0\" allowfullscreen=\"allowfullscreen\"><\/iframe>&nbsp;<\/p>\n","protected":false},"excerpt":{"rendered":"<p>O povo que andava em trevas viu grande luz, e aos que viviam&nbsp;na regi\u00e3o da sombra da morte resplandeceu-lhes a&nbsp;luz (Isa\u00edas 9:2). \u00c9 poss\u00edvel andar na escurid\u00e3o ou viver nos lugares onde a morte&nbsp;paira como sombra? Sim, \u00e9 poss\u00edvel. Cruzamos o tempo todo com&nbsp;pessoas que andam sem saber para onde est\u00e3o indo, seguem seus&nbsp;impulsos naturais [&hellip;]<\/p>\n","protected":false},"author":21,"featured_media":165,"comment_status":"open","ping_status":"open","sticky":false,"template":"","format":"standard","meta":{"ngg_post_thumbnail":0,"footnotes":""},"categories":[17805],"tags":[],"class_list":["post-10877","post","type-post","status-publish","format-standard","has-post-thumbnail","hentry","category-ricardo-barbosa-de-sousa"],"publishpress_future_action":{"enabled":false,"date":"2026-05-04 15:00:05","action":"change-status","newStatus":"draft","terms":[],"taxonomy":"category","extraData":[]},"publishpress_future_workflow_manual_trigger":{"enabledWorkflows":[]},"_links":{"self":[{"href":"https:\/\/ultimato.com.br\/sites\/devocional-diaria\/wp-json\/wp\/v2\/posts\/10877","targetHints":{"allow":["GET"]}}],"collection":[{"href":"https:\/\/ultimato.com.br\/sites\/devocional-diaria\/wp-json\/wp\/v2\/posts"}],"about":[{"href":"https:\/\/ultimato.com.br\/sites\/devocional-diaria\/wp-json\/wp\/v2\/types\/post"}],"author":[{"embeddable":true,"href":"https:\/\/ultimato.com.br\/sites\/devocional-diaria\/wp-json\/wp\/v2\/users\/21"}],"replies":[{"embeddable":true,"href":"https:\/\/ultimato.com.br\/sites\/devocional-diaria\/wp-json\/wp\/v2\/comments?post=10877"}],"version-history":[{"count":1,"href":"https:\/\/ultimato.com.br\/sites\/devocional-diaria\/wp-json\/wp\/v2\/posts\/10877\/revisions"}],"predecessor-version":[{"id":10878,"href":"https:\/\/ultimato.com.br\/sites\/devocional-diaria\/wp-json\/wp\/v2\/posts\/10877\/revisions\/10878"}],"wp:featuredmedia":[{"embeddable":true,"href":"https:\/\/ultimato.com.br\/sites\/devocional-diaria\/wp-json\/wp\/v2\/media\/165"}],"wp:attachment":[{"href":"https:\/\/ultimato.com.br\/sites\/devocional-diaria\/wp-json\/wp\/v2\/media?parent=10877"}],"wp:term":[{"taxonomy":"category","embeddable":true,"href":"https:\/\/ultimato.com.br\/sites\/devocional-diaria\/wp-json\/wp\/v2\/categories?post=10877"},{"taxonomy":"post_tag","embeddable":true,"href":"https:\/\/ultimato.com.br\/sites\/devocional-diaria\/wp-json\/wp\/v2\/tags?post=10877"}],"curies":[{"name":"wp","href":"https:\/\/api.w.org\/{rel}","templated":true}]}}