{"id":10875,"date":"2023-12-17T00:00:16","date_gmt":"2023-12-17T03:00:16","guid":{"rendered":"https:\/\/ultimato.com.br\/sites\/devocional-diaria\/?p=10875"},"modified":"2023-12-04T17:39:07","modified_gmt":"2023-12-04T20:39:07","slug":"o-nascimento-de-jesus-o-messias-4","status":"publish","type":"post","link":"https:\/\/ultimato.com.br\/sites\/devocional-diaria\/2023\/12\/17\/autor\/elben-cesar\/o-nascimento-de-jesus-o-messias-4\/","title":{"rendered":"O nascimento de Jesus, o Messias"},"content":{"rendered":"<p><em>O nascimento de Jesus aconteceu assim. Sua m\u00e3e, Maria, estava prometida em casamento a Jos\u00e9, mas antes que se casassem Jos\u00e9 descobriu que ela estava gr\u00e1vida. Isso aconteceu pelo poder do Esp\u00edrito Santo.<\/em> (Mateus 1.18)<\/p>\n<p>H\u00e1 uma combina\u00e7\u00e3o de velho e de novo nessa hist\u00f3ria de nascimento: anjos, vis\u00f5es, profecias tradicionais; h\u00e1 tamb\u00e9m o Esp\u00edrito divino, que \u00e9, milagrosamente, inovador. H\u00e1 dados hist\u00f3ricos e tamb\u00e9m a concep\u00e7\u00e3o virginal.<\/p>\n<p>Por que o nascimento virginal \u00e9 importante?<\/p>\n<p>N\u00e3o me contento em ler sobre seu nascimento, Senhor, pois quero fazer parte dele. Toma a hist\u00f3ria antiga de minha inf\u00e2ncia e religi\u00e3o e usa-a. Torna vivo e real o nascimento de Cristo em mim como o foi em Maria. Am\u00e9m.<\/p>\n<p>&nbsp;<\/p>\n<p>Autor: Eugene Peterson.<\/p>\n<p>Originalmente publicado em <em>Um Ano com Jesus <\/em>(Editora Ultimato).<\/p>\n","protected":false},"excerpt":{"rendered":"<p>O nascimento de Jesus aconteceu assim. Sua m\u00e3e, Maria, estava prometida em casamento a Jos\u00e9, mas antes que se casassem Jos\u00e9 descobriu que ela estava gr\u00e1vida. Isso aconteceu pelo poder do Esp\u00edrito Santo. (Mateus 1.18) H\u00e1 uma combina\u00e7\u00e3o de velho e de novo nessa hist\u00f3ria de nascimento: anjos, vis\u00f5es, profecias tradicionais; h\u00e1 tamb\u00e9m o Esp\u00edrito [&hellip;]<\/p>\n","protected":false},"author":21,"featured_media":166,"comment_status":"open","ping_status":"open","sticky":false,"template":"","format":"standard","meta":{"ngg_post_thumbnail":0,"footnotes":""},"categories":[5478],"tags":[],"class_list":["post-10875","post","type-post","status-publish","format-standard","has-post-thumbnail","hentry","category-elben-cesar"],"publishpress_future_action":{"enabled":false,"date":"2026-05-04 16:29:45","action":"change-status","newStatus":"draft","terms":[],"taxonomy":"category","extraData":[]},"publishpress_future_workflow_manual_trigger":{"enabledWorkflows":[]},"_links":{"self":[{"href":"https:\/\/ultimato.com.br\/sites\/devocional-diaria\/wp-json\/wp\/v2\/posts\/10875","targetHints":{"allow":["GET"]}}],"collection":[{"href":"https:\/\/ultimato.com.br\/sites\/devocional-diaria\/wp-json\/wp\/v2\/posts"}],"about":[{"href":"https:\/\/ultimato.com.br\/sites\/devocional-diaria\/wp-json\/wp\/v2\/types\/post"}],"author":[{"embeddable":true,"href":"https:\/\/ultimato.com.br\/sites\/devocional-diaria\/wp-json\/wp\/v2\/users\/21"}],"replies":[{"embeddable":true,"href":"https:\/\/ultimato.com.br\/sites\/devocional-diaria\/wp-json\/wp\/v2\/comments?post=10875"}],"version-history":[{"count":1,"href":"https:\/\/ultimato.com.br\/sites\/devocional-diaria\/wp-json\/wp\/v2\/posts\/10875\/revisions"}],"predecessor-version":[{"id":10876,"href":"https:\/\/ultimato.com.br\/sites\/devocional-diaria\/wp-json\/wp\/v2\/posts\/10875\/revisions\/10876"}],"wp:featuredmedia":[{"embeddable":true,"href":"https:\/\/ultimato.com.br\/sites\/devocional-diaria\/wp-json\/wp\/v2\/media\/166"}],"wp:attachment":[{"href":"https:\/\/ultimato.com.br\/sites\/devocional-diaria\/wp-json\/wp\/v2\/media?parent=10875"}],"wp:term":[{"taxonomy":"category","embeddable":true,"href":"https:\/\/ultimato.com.br\/sites\/devocional-diaria\/wp-json\/wp\/v2\/categories?post=10875"},{"taxonomy":"post_tag","embeddable":true,"href":"https:\/\/ultimato.com.br\/sites\/devocional-diaria\/wp-json\/wp\/v2\/tags?post=10875"}],"curies":[{"name":"wp","href":"https:\/\/api.w.org\/{rel}","templated":true}]}}