{"id":10873,"date":"2023-12-16T00:00:08","date_gmt":"2023-12-16T03:00:08","guid":{"rendered":"https:\/\/ultimato.com.br\/sites\/devocional-diaria\/?p=10873"},"modified":"2023-12-04T17:37:12","modified_gmt":"2023-12-04T20:37:12","slug":"era-uma-vez-um-modesto-carpinteiro-3","status":"publish","type":"post","link":"https:\/\/ultimato.com.br\/sites\/devocional-diaria\/2023\/12\/16\/autor\/elben-cesar\/era-uma-vez-um-modesto-carpinteiro-3\/","title":{"rendered":"Era uma vez um modesto carpinteiro"},"content":{"rendered":"<p>Ele ficou famoso, n\u00e3o por causa das cangas de boi e das portas que fabricava, mas por ter sido marido de Maria, pai adotivo de Jesus e pai natural de pelo menos duas meninas e de quatro rapazes (Tiago, Jos\u00e9, Sim\u00e3o e Judas), alguns dos quais, ao lado dos ap\u00f3stolos, exerceram algum minist\u00e9rio.<\/p>\n<p>Esse carpinteiro era not\u00e1vel. Sabe-se disso por causa de sua especial delicadeza com Maria e com o anjo. Ele agiu como um cavalheiro com a esposa. Quando soube que Maria estava gr\u00e1vida, embora tivesse o apoio da lei para exp\u00f4-la a uma humilha\u00e7\u00e3o p\u00fablica, ele preferiu ser o mais discreto poss\u00edvel. E, uma vez tomando conhecimento do que estava de fato acontecendo, ele n\u00e3o desmanchou o compromisso assumido com a esposa no dia da cerim\u00f4nia antenupcial, e ainda fez exatamente o que o anjo de Deus lhe havia ordenado (Mt 1.18-25).<\/p>\n<p>Jos\u00e9 n\u00e3o deixou Maria sozinha na educa\u00e7\u00e3o de Jesus, que crescia na altura, no peso, na sa\u00fade, na sabedoria e no relacionamento com os outros (Lc 2.52).<\/p>\n<p>\u201cMas Jos\u00e9, seu esposo, sendo justo e n\u00e3o a querendo infamar, resolveu deix\u00e1-la secretamente\u201d. (Mt 1.19)<\/p>\n<p>&nbsp;<\/p>\n<p>Autor: Elben C\u00e9sar.<\/p>\n<p>Originalmente publicado em <em>Era uma Vez um Natal sem Papai Noel <\/em>(Editora Ultimato).<\/p>\n","protected":false},"excerpt":{"rendered":"<p>Ele ficou famoso, n\u00e3o por causa das cangas de boi e das portas que fabricava, mas por ter sido marido de Maria, pai adotivo de Jesus e pai natural de pelo menos duas meninas e de quatro rapazes (Tiago, Jos\u00e9, Sim\u00e3o e Judas), alguns dos quais, ao lado dos ap\u00f3stolos, exerceram algum minist\u00e9rio. Esse carpinteiro [&hellip;]<\/p>\n","protected":false},"author":21,"featured_media":157,"comment_status":"open","ping_status":"open","sticky":false,"template":"","format":"standard","meta":{"ngg_post_thumbnail":0,"footnotes":""},"categories":[5478],"tags":[],"class_list":["post-10873","post","type-post","status-publish","format-standard","has-post-thumbnail","hentry","category-elben-cesar"],"publishpress_future_action":{"enabled":false,"date":"2026-05-04 18:03:11","action":"change-status","newStatus":"draft","terms":[],"taxonomy":"category","extraData":[]},"publishpress_future_workflow_manual_trigger":{"enabledWorkflows":[]},"_links":{"self":[{"href":"https:\/\/ultimato.com.br\/sites\/devocional-diaria\/wp-json\/wp\/v2\/posts\/10873","targetHints":{"allow":["GET"]}}],"collection":[{"href":"https:\/\/ultimato.com.br\/sites\/devocional-diaria\/wp-json\/wp\/v2\/posts"}],"about":[{"href":"https:\/\/ultimato.com.br\/sites\/devocional-diaria\/wp-json\/wp\/v2\/types\/post"}],"author":[{"embeddable":true,"href":"https:\/\/ultimato.com.br\/sites\/devocional-diaria\/wp-json\/wp\/v2\/users\/21"}],"replies":[{"embeddable":true,"href":"https:\/\/ultimato.com.br\/sites\/devocional-diaria\/wp-json\/wp\/v2\/comments?post=10873"}],"version-history":[{"count":1,"href":"https:\/\/ultimato.com.br\/sites\/devocional-diaria\/wp-json\/wp\/v2\/posts\/10873\/revisions"}],"predecessor-version":[{"id":10874,"href":"https:\/\/ultimato.com.br\/sites\/devocional-diaria\/wp-json\/wp\/v2\/posts\/10873\/revisions\/10874"}],"wp:featuredmedia":[{"embeddable":true,"href":"https:\/\/ultimato.com.br\/sites\/devocional-diaria\/wp-json\/wp\/v2\/media\/157"}],"wp:attachment":[{"href":"https:\/\/ultimato.com.br\/sites\/devocional-diaria\/wp-json\/wp\/v2\/media?parent=10873"}],"wp:term":[{"taxonomy":"category","embeddable":true,"href":"https:\/\/ultimato.com.br\/sites\/devocional-diaria\/wp-json\/wp\/v2\/categories?post=10873"},{"taxonomy":"post_tag","embeddable":true,"href":"https:\/\/ultimato.com.br\/sites\/devocional-diaria\/wp-json\/wp\/v2\/tags?post=10873"}],"curies":[{"name":"wp","href":"https:\/\/api.w.org\/{rel}","templated":true}]}}