{"id":10871,"date":"2023-12-15T00:00:07","date_gmt":"2023-12-15T03:00:07","guid":{"rendered":"https:\/\/ultimato.com.br\/sites\/devocional-diaria\/?p=10871"},"modified":"2023-12-04T17:35:03","modified_gmt":"2023-12-04T20:35:03","slug":"eis-me-aqui-4","status":"publish","type":"post","link":"https:\/\/ultimato.com.br\/sites\/devocional-diaria\/2023\/12\/15\/autor\/ricardo-barbosa-de-sousa\/eis-me-aqui-4\/","title":{"rendered":"Eis-me aqui"},"content":{"rendered":"<p><em>Ent\u00e3o, disse Maria: Aqui est\u00e1 a serva do Senhor; que se cumpra em mim&nbsp;conforme a tua palavra. E o anjo se ausentou dela.<\/em> (Lucas 1.38).<\/p>\n<p>Tente imaginar uma adolescente de 16 anos chegando em casa e dizendo&nbsp;para a m\u00e3e: \u201cM\u00e3e, estou gr\u00e1vida!\u201d. Passado o primeiro susto, a m\u00e3e pergunta,&nbsp;tentando manter a calma: \u201cQuem \u00e9 o pai?\u201d. A filha responde com um sorriso&nbsp;no rosto: \u201cO Esp\u00edrito Santo. O meu filho ser\u00e1 o Messias, o Filho do Alt\u00edssimo\u201d.&nbsp;Uma conversa assim seria de enlouquecer qualquer fam\u00edlia.&nbsp;<\/p>\n<p>Maria sabia que aparecer gr\u00e1vida sem estar casada traria riscos grav\u00edssimos&nbsp;sobre ela. Havia ainda o agravante de que aquilo que o anjo prop\u00f4s a Maria&nbsp;n\u00e3o tinha nenhum precedente em toda a hist\u00f3ria, era uma experi\u00eancia&nbsp;absolutamente in\u00e9dita.<\/p>\n<p>Essa poderia ser a resposta de Maria, mas, mesmo sem saber como seu&nbsp;noivo ou fam\u00edlia iriam reagir, ela aceita humildemente e apresenta-se como&nbsp;uma escrava do Senhor, colocando sua vida, corpo, honra e dignidade a servi\u00e7o&nbsp;do projeto divino de reden\u00e7\u00e3o.&nbsp;<\/p>\n<p>Ore hoje por uma igreja mais submissa, obediente e corajosa, que n\u00e3o&nbsp;tenha medo dos desdobramentos do compromisso com o reino de Deus.&nbsp;<\/p>\n<p>Pai querido, sabemos que tu \u00e9s bom e que tua vontade \u00e9 igualmente boa e&nbsp;agrad\u00e1vel. H\u00e1 em n\u00f3s o desejo de te obedecer, fazer aquilo que queres, cumprir&nbsp;os teus mandamentos. D\u00e1-nos um cora\u00e7\u00e3o humilde e corajoso, ouvidos atentos&nbsp;\u00e0 tua voz, mente disposta a discernir os teus caminhos e um corpo entregue&nbsp;ao teu servi\u00e7o. Que, como Maria, nos apresentemos como servos do Senhor&nbsp;para toda a tua obra. Am\u00e9m.<\/p>\n<p>&nbsp;<\/p>\n<p><strong>&gt;&gt; Retirado de&nbsp;<\/strong><a href=\"https:\/\/www.ultimato.com.br\/loja\/produtos\/refeicoes-diarias-celebrando-a-reconciliacao\"><strong><em>Refei\u00e7\u00f5es Di\u00e1rias \u2013 Celebrando a Reconcilia\u00e7\u00e3o<\/em><\/strong><\/a><strong>. <\/strong><strong>Editora Ultimato.<\/strong><\/p>\n<p>Ou\u00e7a e compartilhe nossas devocionais pelo <a href=\"https:\/\/open.spotify.com\/show\/7CG8DL9dgWZEgPzX3rnk51?si=1dbGejI2TQS16eamNjb2rA\">Spotify<\/a>!<\/p>\n<p><iframe loading=\"lazy\" style=\"border-radius: 12px;\" src=\"https:\/\/open.spotify.com\/embed\/show\/7CG8DL9dgWZEgPzX3rnk51?utm_source=generator&amp;theme=0\" width=\"100%\" height=\"152\" frameborder=\"0\" allowfullscreen=\"allowfullscreen\"><\/iframe>&nbsp;<\/p>\n","protected":false},"excerpt":{"rendered":"<p>Ent\u00e3o, disse Maria: Aqui est\u00e1 a serva do Senhor; que se cumpra em mim&nbsp;conforme a tua palavra. E o anjo se ausentou dela. (Lucas 1.38). Tente imaginar uma adolescente de 16 anos chegando em casa e dizendo&nbsp;para a m\u00e3e: \u201cM\u00e3e, estou gr\u00e1vida!\u201d. Passado o primeiro susto, a m\u00e3e pergunta,&nbsp;tentando manter a calma: \u201cQuem \u00e9 o [&hellip;]<\/p>\n","protected":false},"author":21,"featured_media":161,"comment_status":"open","ping_status":"open","sticky":false,"template":"","format":"standard","meta":{"ngg_post_thumbnail":0,"footnotes":""},"categories":[17805],"tags":[],"class_list":["post-10871","post","type-post","status-publish","format-standard","has-post-thumbnail","hentry","category-ricardo-barbosa-de-sousa"],"publishpress_future_action":{"enabled":false,"date":"2026-05-04 16:29:16","action":"change-status","newStatus":"draft","terms":[],"taxonomy":"category","extraData":[]},"publishpress_future_workflow_manual_trigger":{"enabledWorkflows":[]},"_links":{"self":[{"href":"https:\/\/ultimato.com.br\/sites\/devocional-diaria\/wp-json\/wp\/v2\/posts\/10871","targetHints":{"allow":["GET"]}}],"collection":[{"href":"https:\/\/ultimato.com.br\/sites\/devocional-diaria\/wp-json\/wp\/v2\/posts"}],"about":[{"href":"https:\/\/ultimato.com.br\/sites\/devocional-diaria\/wp-json\/wp\/v2\/types\/post"}],"author":[{"embeddable":true,"href":"https:\/\/ultimato.com.br\/sites\/devocional-diaria\/wp-json\/wp\/v2\/users\/21"}],"replies":[{"embeddable":true,"href":"https:\/\/ultimato.com.br\/sites\/devocional-diaria\/wp-json\/wp\/v2\/comments?post=10871"}],"version-history":[{"count":1,"href":"https:\/\/ultimato.com.br\/sites\/devocional-diaria\/wp-json\/wp\/v2\/posts\/10871\/revisions"}],"predecessor-version":[{"id":10872,"href":"https:\/\/ultimato.com.br\/sites\/devocional-diaria\/wp-json\/wp\/v2\/posts\/10871\/revisions\/10872"}],"wp:featuredmedia":[{"embeddable":true,"href":"https:\/\/ultimato.com.br\/sites\/devocional-diaria\/wp-json\/wp\/v2\/media\/161"}],"wp:attachment":[{"href":"https:\/\/ultimato.com.br\/sites\/devocional-diaria\/wp-json\/wp\/v2\/media?parent=10871"}],"wp:term":[{"taxonomy":"category","embeddable":true,"href":"https:\/\/ultimato.com.br\/sites\/devocional-diaria\/wp-json\/wp\/v2\/categories?post=10871"},{"taxonomy":"post_tag","embeddable":true,"href":"https:\/\/ultimato.com.br\/sites\/devocional-diaria\/wp-json\/wp\/v2\/tags?post=10871"}],"curies":[{"name":"wp","href":"https:\/\/api.w.org\/{rel}","templated":true}]}}