{"id":10869,"date":"2023-12-14T00:00:06","date_gmt":"2023-12-14T03:00:06","guid":{"rendered":"https:\/\/ultimato.com.br\/sites\/devocional-diaria\/?p=10869"},"modified":"2023-12-04T17:32:36","modified_gmt":"2023-12-04T20:32:36","slug":"cumprindo-a-promessa-de-deus-5","status":"publish","type":"post","link":"https:\/\/ultimato.com.br\/sites\/devocional-diaria\/2023\/12\/14\/autor\/ricardo-barbosa-de-sousa\/cumprindo-a-promessa-de-deus-5\/","title":{"rendered":"Cumprindo a promessa de Deus"},"content":{"rendered":"<p>Ora, tudo isso aconteceu, para que se cumprisse o que fora dito pelo Senhor por interm\u00e9dio do profeta: Eis que a virgem conceber\u00e1 e dar\u00e1 \u00e0 luz um filho e ele ser\u00e1 chamado pelo nome de Emanuel (que quer dizer: Deus conosco)\u201d (Mateus 1.22-23).&nbsp;<\/p>\n<p>Tudo aconteceu para que se cumprisse\u2026 O que aconteceu n\u00e3o&nbsp;foi apenas a gravidez da virgem Maria, mas uma sucess\u00e3o de&nbsp;fatos, pessoas, erros e acertos que se sucederam desde o an\u00fancio&nbsp;da primeira promessa. Olhando para a genealogia de Jesus no&nbsp;cap\u00edtulo 1 de Mateus vemos, apenas para ilustrar, j\u00e1 no in\u00edcio,&nbsp;os acontecimentos envolvendo Abra\u00e3o, Isaque, Jac\u00f3 e Jud\u00e1.&nbsp;Somente nestes quatro personagens encontramos uma hist\u00f3ria&nbsp;de f\u00e9, confian\u00e7a, mentiras, enganos e manipula\u00e7\u00e3o. A hist\u00f3ria&nbsp;santa de Deus \u00e9 escrita por pessoas n\u00e3o t\u00e3o santas como n\u00f3s.&nbsp;<\/p>\n<p>Deus est\u00e1 empenhado na reden\u00e7\u00e3o, e os acontecimentos&nbsp;fazem parte do cumprimento dos seus prop\u00f3sitos. Ele continua&nbsp;usando os acontecimentos na vida do seu povo para realizar sua&nbsp;obra santa. \u00c9 por isso que o ap\u00f3stolo Paulo afirma que: \u201ctodas&nbsp;as coisas cooperam para o bem daqueles que amam a Deus,&nbsp;que foram chamados segundo o seu prop\u00f3sito\u201d.&nbsp;<\/p>\n<p>Voc\u00ea \u00e9 capaz de reconhecer as a\u00e7\u00f5es de Deus nos acontecimentos da sua vida?<\/p>\n<p>&nbsp;<\/p>\n<p>Autor: Ricardo Barbosa de Sousa.<\/p>\n<p>Originalmente publicado em <em>Para Celebrar o Natal <\/em>(Editora Ultimato).<\/p>\n","protected":false},"excerpt":{"rendered":"<p>Ora, tudo isso aconteceu, para que se cumprisse o que fora dito pelo Senhor por interm\u00e9dio do profeta: Eis que a virgem conceber\u00e1 e dar\u00e1 \u00e0 luz um filho e ele ser\u00e1 chamado pelo nome de Emanuel (que quer dizer: Deus conosco)\u201d (Mateus 1.22-23).&nbsp; Tudo aconteceu para que se cumprisse\u2026 O que aconteceu n\u00e3o&nbsp;foi apenas [&hellip;]<\/p>\n","protected":false},"author":21,"featured_media":162,"comment_status":"open","ping_status":"open","sticky":false,"template":"","format":"standard","meta":{"ngg_post_thumbnail":0,"footnotes":""},"categories":[17805],"tags":[],"class_list":["post-10869","post","type-post","status-publish","format-standard","has-post-thumbnail","hentry","category-ricardo-barbosa-de-sousa"],"publishpress_future_action":{"enabled":false,"date":"2026-05-04 16:29:45","action":"change-status","newStatus":"draft","terms":[],"taxonomy":"category","extraData":[]},"publishpress_future_workflow_manual_trigger":{"enabledWorkflows":[]},"_links":{"self":[{"href":"https:\/\/ultimato.com.br\/sites\/devocional-diaria\/wp-json\/wp\/v2\/posts\/10869","targetHints":{"allow":["GET"]}}],"collection":[{"href":"https:\/\/ultimato.com.br\/sites\/devocional-diaria\/wp-json\/wp\/v2\/posts"}],"about":[{"href":"https:\/\/ultimato.com.br\/sites\/devocional-diaria\/wp-json\/wp\/v2\/types\/post"}],"author":[{"embeddable":true,"href":"https:\/\/ultimato.com.br\/sites\/devocional-diaria\/wp-json\/wp\/v2\/users\/21"}],"replies":[{"embeddable":true,"href":"https:\/\/ultimato.com.br\/sites\/devocional-diaria\/wp-json\/wp\/v2\/comments?post=10869"}],"version-history":[{"count":1,"href":"https:\/\/ultimato.com.br\/sites\/devocional-diaria\/wp-json\/wp\/v2\/posts\/10869\/revisions"}],"predecessor-version":[{"id":10870,"href":"https:\/\/ultimato.com.br\/sites\/devocional-diaria\/wp-json\/wp\/v2\/posts\/10869\/revisions\/10870"}],"wp:featuredmedia":[{"embeddable":true,"href":"https:\/\/ultimato.com.br\/sites\/devocional-diaria\/wp-json\/wp\/v2\/media\/162"}],"wp:attachment":[{"href":"https:\/\/ultimato.com.br\/sites\/devocional-diaria\/wp-json\/wp\/v2\/media?parent=10869"}],"wp:term":[{"taxonomy":"category","embeddable":true,"href":"https:\/\/ultimato.com.br\/sites\/devocional-diaria\/wp-json\/wp\/v2\/categories?post=10869"},{"taxonomy":"post_tag","embeddable":true,"href":"https:\/\/ultimato.com.br\/sites\/devocional-diaria\/wp-json\/wp\/v2\/tags?post=10869"}],"curies":[{"name":"wp","href":"https:\/\/api.w.org\/{rel}","templated":true}]}}