{"id":10867,"date":"2023-12-13T00:00:18","date_gmt":"2023-12-13T03:00:18","guid":{"rendered":"https:\/\/ultimato.com.br\/sites\/devocional-diaria\/?p=10867"},"modified":"2023-12-04T17:30:28","modified_gmt":"2023-12-04T20:30:28","slug":"uma-tabuinha-de-escrever-2","status":"publish","type":"post","link":"https:\/\/ultimato.com.br\/sites\/devocional-diaria\/2023\/12\/13\/autor\/elben-cesar\/uma-tabuinha-de-escrever-2\/","title":{"rendered":"Uma tabuinha de escrever"},"content":{"rendered":"<p>Poderia ser uma placa de argila, de pedra, de alguma rocha&nbsp;vulc\u00e2nica, de cer\u00e2mica. Poderia ser o peda\u00e7o de um vaso&nbsp;quebrado ou de uma pele seca de ovelha ou um pergaminho qualquer. Mas o velho Zacarias pediu mesmo foi uma tabuinha,&nbsp;aquele pedacinho de madeira coberto com cera. Deram-lhe n\u00e3o&nbsp;s\u00f3 a dita tabuinha mas tamb\u00e9m um instrumento pontiagudo,&nbsp;porque o \u2018jovem\u2019 pai queria escrever alguma coisa.&nbsp;<\/p>\n<p>Zacarias n\u00e3o era um surdo-mudo. Era apenas mudo. N\u00e3o&nbsp;falava nada mas ouvia tudo. E ele ouviu que a vizinhan\u00e7a&nbsp;e a parentada toda queria dar o nome de Zacarias J\u00fanior&nbsp;ao rec\u00e9m-nascido, o que n\u00e3o podia acontecer porque, nove&nbsp;meses antes, o arcanjo Gabriel lhe havia dito: \u201cSua esposa&nbsp;vai ter um filho e voc\u00ea por\u00e1 nele o nome de Jo\u00e3o\u201d (Lc 1.13).&nbsp;Mesmo sendo muito velho, Zacarias tinha boa mem\u00f3ria e&nbsp;sabia que a determina\u00e7\u00e3o do nome procedia de Deus. E n\u00e3o&nbsp;queria pecar outra vez: por ter duvidado do milagre, ficara&nbsp;mudo. Ent\u00e3o, segurou a tabuinha e a \u2018caneta\u2019 e escreveu:&nbsp;\u201cO nome dele \u00e9 Jo\u00e3o\u201d (Lc 1.63). Nesse preciso momento, a&nbsp;mudez bateu as asas!<\/p>\n<p>&nbsp;<\/p>\n<p>Autor: Elben C\u00e9sar.<\/p>\n<p>Originalmente publicado em <em>Era uma Vez um Natal sem Papai Noel <\/em>(Editora Ultimato).<\/p>\n","protected":false},"excerpt":{"rendered":"<p>Poderia ser uma placa de argila, de pedra, de alguma rocha&nbsp;vulc\u00e2nica, de cer\u00e2mica. Poderia ser o peda\u00e7o de um vaso&nbsp;quebrado ou de uma pele seca de ovelha ou um pergaminho qualquer. Mas o velho Zacarias pediu mesmo foi uma tabuinha,&nbsp;aquele pedacinho de madeira coberto com cera. Deram-lhe n\u00e3o&nbsp;s\u00f3 a dita tabuinha mas tamb\u00e9m um instrumento [&hellip;]<\/p>\n","protected":false},"author":21,"featured_media":163,"comment_status":"open","ping_status":"open","sticky":false,"template":"","format":"standard","meta":{"ngg_post_thumbnail":0,"footnotes":""},"categories":[5478],"tags":[],"class_list":["post-10867","post","type-post","status-publish","format-standard","has-post-thumbnail","hentry","category-elben-cesar"],"publishpress_future_action":{"enabled":false,"date":"2026-05-04 17:56:58","action":"change-status","newStatus":"draft","terms":[],"taxonomy":"category","extraData":[]},"publishpress_future_workflow_manual_trigger":{"enabledWorkflows":[]},"_links":{"self":[{"href":"https:\/\/ultimato.com.br\/sites\/devocional-diaria\/wp-json\/wp\/v2\/posts\/10867","targetHints":{"allow":["GET"]}}],"collection":[{"href":"https:\/\/ultimato.com.br\/sites\/devocional-diaria\/wp-json\/wp\/v2\/posts"}],"about":[{"href":"https:\/\/ultimato.com.br\/sites\/devocional-diaria\/wp-json\/wp\/v2\/types\/post"}],"author":[{"embeddable":true,"href":"https:\/\/ultimato.com.br\/sites\/devocional-diaria\/wp-json\/wp\/v2\/users\/21"}],"replies":[{"embeddable":true,"href":"https:\/\/ultimato.com.br\/sites\/devocional-diaria\/wp-json\/wp\/v2\/comments?post=10867"}],"version-history":[{"count":1,"href":"https:\/\/ultimato.com.br\/sites\/devocional-diaria\/wp-json\/wp\/v2\/posts\/10867\/revisions"}],"predecessor-version":[{"id":10868,"href":"https:\/\/ultimato.com.br\/sites\/devocional-diaria\/wp-json\/wp\/v2\/posts\/10867\/revisions\/10868"}],"wp:featuredmedia":[{"embeddable":true,"href":"https:\/\/ultimato.com.br\/sites\/devocional-diaria\/wp-json\/wp\/v2\/media\/163"}],"wp:attachment":[{"href":"https:\/\/ultimato.com.br\/sites\/devocional-diaria\/wp-json\/wp\/v2\/media?parent=10867"}],"wp:term":[{"taxonomy":"category","embeddable":true,"href":"https:\/\/ultimato.com.br\/sites\/devocional-diaria\/wp-json\/wp\/v2\/categories?post=10867"},{"taxonomy":"post_tag","embeddable":true,"href":"https:\/\/ultimato.com.br\/sites\/devocional-diaria\/wp-json\/wp\/v2\/tags?post=10867"}],"curies":[{"name":"wp","href":"https:\/\/api.w.org\/{rel}","templated":true}]}}