{"id":10305,"date":"2023-03-08T00:00:14","date_gmt":"2023-03-08T02:00:14","guid":{"rendered":"https:\/\/ultimato.com.br\/sites\/devocional-diaria\/?p=10305"},"modified":"2023-02-28T10:04:12","modified_gmt":"2023-02-28T12:04:12","slug":"bom-senso-2","status":"publish","type":"post","link":"https:\/\/ultimato.com.br\/sites\/devocional-diaria\/2023\/03\/08\/autor\/elben-cesar\/bom-senso-2\/","title":{"rendered":"Bom senso"},"content":{"rendered":"<p>Todos os que cumprem os seus preceitos revelam bom senso. (Sl 111.10)<\/p>\n<p>Senso \u00e9 a faculdade de apreciar e de julgar. Bom senso \u00e9 algo mais restrito, a faculdade de discernir entre o verdadeiro e o falso.<\/p>\n<p>O bom senso \u00e9 indispens\u00e1vel em todas as \u00e1reas do comportamento humano, especialmente na \u00e1rea religiosa. O fanatismo religioso, que t\u00e3o mal faz, nada mais \u00e9 do que a perda do bom senso. A gra\u00e7a de Deus nos ensina \u201ca renunciar \u00e0 impiedade e \u00e0s paix\u00f5es mundanas\u201d, mas n\u00e3o s\u00f3 isso. Ela nos ensina tamb\u00e9m \u201ca viver de maneira sensata, justa e piedosa\u201d (Tt 2.12). Em caso de controv\u00e9rsias tolas e in\u00fateis, \u201cque acabam em brigas\u201d, Tim\u00f3teo deveria corrigir com mansid\u00e3o os briguentos, \u201cpara que assim voltem \u00e0 sobriedade\u201d (2Tm 2.26).<\/p>\n<p>As express\u00f5es \u201csem bom senso\u201d e \u201csem ju\u00edzo\u201d aparecem com frequ\u00eancia nos Prov\u00e9rbios de Salom\u00e3o. O jovem que se aproxima da casa da prostituta \u00e9 \u201cum rapaz sem ju\u00edzo\u201d (Pv 7.7). Somente os que n\u00e3o t\u00eam bom senso acreditam que \u201ca \u00e1gua roubada \u00e9 doce e o p\u00e3o que se come escondido \u00e9 saboroso\u201d, por n\u00e3o saberem o que est\u00e1 por tr\u00e1s da \u201c\u00e1gua roubada\u201d (Pv 9.14-18). Da\u00ed o discurso inicial dos Prov\u00e9rbios: \u201cEstes s\u00e3o os prov\u00e9rbios de Salom\u00e3o [&#8230;]. Eles ajudar\u00e3o a dar prud\u00eancia aos inexperientes e conhecimento e bom senso aos jovens\u201d (Pv 1.1-4).<\/p>\n<p>Para o salmista, \u201co temor do Senhor \u00e9 o princ\u00edpio da sabedoria\u201d e \u201ctodos os que cumprem os seus preceitos revelam bom senso\u201d (Sl 111.10). Porque \u00e9 Deus, o Senhor inspira rever\u00eancia e respeito. Quando o temor do Senhor est\u00e1 ausente, n\u00e3o existe bom senso.<\/p>\n<p>&gt;&gt; Retirado de <a href=\"https:\/\/www.ultimato.com.br\/loja\/produtos\/um-ano-com-os-salmos\">Um Ano com os Salmos<\/a> [Elben C\u00e9sar]. Editora Ultimato.<br \/>\nOu\u00e7a e compartilhe nossas devocionais pelo Spotify!<\/p>\n<p><iframe loading=\"lazy\" style=\"border-radius: 12px;\" src=\"https:\/\/open.spotify.com\/embed\/show\/7CG8DL9dgWZEgPzX3rnk51?utm_source=generator&amp;theme=0\" width=\"100%\" height=\"152\" frameborder=\"0\" allowfullscreen=\"allowfullscreen\"><\/iframe><\/p>\n","protected":false},"excerpt":{"rendered":"<p>Todos os que cumprem os seus preceitos revelam bom senso. (Sl 111.10) Senso \u00e9 a faculdade de apreciar e de julgar. Bom senso \u00e9 algo mais restrito, a faculdade de discernir entre o verdadeiro e o falso. O bom senso \u00e9 indispens\u00e1vel em todas as \u00e1reas do comportamento humano, especialmente na \u00e1rea religiosa. O fanatismo [&hellip;]<\/p>\n","protected":false},"author":21,"featured_media":164,"comment_status":"open","ping_status":"open","sticky":false,"template":"","format":"standard","meta":{"ngg_post_thumbnail":0,"footnotes":""},"categories":[5478],"tags":[],"class_list":["post-10305","post","type-post","status-publish","format-standard","has-post-thumbnail","hentry","category-elben-cesar"],"publishpress_future_action":{"enabled":false,"date":"2026-05-04 20:50:15","action":"change-status","newStatus":"draft","terms":[],"taxonomy":"category","extraData":[]},"publishpress_future_workflow_manual_trigger":{"enabledWorkflows":[]},"_links":{"self":[{"href":"https:\/\/ultimato.com.br\/sites\/devocional-diaria\/wp-json\/wp\/v2\/posts\/10305","targetHints":{"allow":["GET"]}}],"collection":[{"href":"https:\/\/ultimato.com.br\/sites\/devocional-diaria\/wp-json\/wp\/v2\/posts"}],"about":[{"href":"https:\/\/ultimato.com.br\/sites\/devocional-diaria\/wp-json\/wp\/v2\/types\/post"}],"author":[{"embeddable":true,"href":"https:\/\/ultimato.com.br\/sites\/devocional-diaria\/wp-json\/wp\/v2\/users\/21"}],"replies":[{"embeddable":true,"href":"https:\/\/ultimato.com.br\/sites\/devocional-diaria\/wp-json\/wp\/v2\/comments?post=10305"}],"version-history":[{"count":1,"href":"https:\/\/ultimato.com.br\/sites\/devocional-diaria\/wp-json\/wp\/v2\/posts\/10305\/revisions"}],"predecessor-version":[{"id":10306,"href":"https:\/\/ultimato.com.br\/sites\/devocional-diaria\/wp-json\/wp\/v2\/posts\/10305\/revisions\/10306"}],"wp:featuredmedia":[{"embeddable":true,"href":"https:\/\/ultimato.com.br\/sites\/devocional-diaria\/wp-json\/wp\/v2\/media\/164"}],"wp:attachment":[{"href":"https:\/\/ultimato.com.br\/sites\/devocional-diaria\/wp-json\/wp\/v2\/media?parent=10305"}],"wp:term":[{"taxonomy":"category","embeddable":true,"href":"https:\/\/ultimato.com.br\/sites\/devocional-diaria\/wp-json\/wp\/v2\/categories?post=10305"},{"taxonomy":"post_tag","embeddable":true,"href":"https:\/\/ultimato.com.br\/sites\/devocional-diaria\/wp-json\/wp\/v2\/tags?post=10305"}],"curies":[{"name":"wp","href":"https:\/\/api.w.org\/{rel}","templated":true}]}}