{"id":10303,"date":"2023-03-07T00:00:59","date_gmt":"2023-03-07T02:00:59","guid":{"rendered":"https:\/\/ultimato.com.br\/sites\/devocional-diaria\/?p=10303"},"modified":"2023-02-28T09:58:06","modified_gmt":"2023-02-28T11:58:06","slug":"retorno-a-gloria-2","status":"publish","type":"post","link":"https:\/\/ultimato.com.br\/sites\/devocional-diaria\/2023\/03\/07\/autor\/elben-cesar\/retorno-a-gloria-2\/","title":{"rendered":"Retorno \u00e0 gl\u00f3ria"},"content":{"rendered":"<p>Pai, chegou a hora. Glorifica o teu Filho, para que o Filho te glorifique. (Jo\u00e3o 17.1, NVI)<\/p>\n<p>Em vez de falar apenas que \u201cJesus foi levado para o c\u00e9u\u201d (At 1.9, NTLH) ou que Jesus voltou para o lugar de onde viera, o ap\u00f3stolo Jo\u00e3o faz quest\u00e3o de declarar que ele voltou \u201cpara a presen\u00e7a gloriosa de Deus\u201d (Jo 12.16, NTLH). O que isso significa n\u00e3o fica bem claro na vers\u00e3o da NTLH. A maior parte das outras tradu\u00e7\u00f5es diz que \u201cJesus foi glorificado\u201d (RA, NVI, KJ, BP). A B\u00edblia Viva \u00e9 ainda mais expl\u00edcita: \u201cJesus voltou para a sua gl\u00f3ria no c\u00e9u\u201d.<\/p>\n<p>Essa volta ao c\u00e9u n\u00e3o \u00e9 apenas geogr\u00e1fica, de um lugar (do ch\u00e3o terrestre) para outro lugar (ao ch\u00e3o celeste). \u00c9, acima de tudo, o reverso do que Paulo afirma: \u201c[Jesus] tinha a natureza de Deus [\u2026], mas abriu m\u00e3o de tudo o que era seu e tomou a natureza de servo, tornando-se assim igual aos seres humanos\u201d (Fp 2.6-7, NTLH). Depois de beber o c\u00e1lice, de fazer a expia\u00e7\u00e3o dos pecados, de ressuscitar e de se apresentar vivo, Jesus retornou ao seu lugar de gl\u00f3ria e \u00e0 sua gl\u00f3ria.<\/p>\n<p>S\u00f3 depois dessa volta de Jesus \u00e9 que os disc\u00edpulos \u201clembraram que isso estava escrito a respeito dele\u201d (Jo 12.16, NTLH). Depois de alguns acontecimentos, \u00e9 poss\u00edvel entender, lembrar, crer e aceitar algo antes n\u00e3o percebido.<\/p>\n<p>\u2014 Pai, d\u00e1-me mente b\u00edblica, mem\u00f3ria b\u00edblica, sabedoria b\u00edblica!<\/p>\n<p>&gt;&gt; Retirado de <a href=\"https:\/\/www.ultimato.com.br\/loja\/produtos\/refeicoes-diarias-com-jesus\">Refei\u00e7\u00f5es Di\u00e1rias com Jesus<\/a> [Elben C\u00e9sar]. Editora Ultimato.<br \/>\nOu\u00e7a e compartilhe nossas devocionais pelo Spotify!<\/p>\n<p><iframe loading=\"lazy\" style=\"border-radius: 12px;\" src=\"https:\/\/open.spotify.com\/embed\/show\/7CG8DL9dgWZEgPzX3rnk51?utm_source=generator&amp;theme=0\" width=\"100%\" height=\"152\" frameborder=\"0\" allowfullscreen=\"allowfullscreen\"><\/iframe><\/p>\n","protected":false},"excerpt":{"rendered":"<p>Pai, chegou a hora. Glorifica o teu Filho, para que o Filho te glorifique. (Jo\u00e3o 17.1, NVI) Em vez de falar apenas que \u201cJesus foi levado para o c\u00e9u\u201d (At 1.9, NTLH) ou que Jesus voltou para o lugar de onde viera, o ap\u00f3stolo Jo\u00e3o faz quest\u00e3o de declarar que ele voltou \u201cpara a presen\u00e7a [&hellip;]<\/p>\n","protected":false},"author":21,"featured_media":164,"comment_status":"open","ping_status":"open","sticky":false,"template":"","format":"standard","meta":{"ngg_post_thumbnail":0,"footnotes":""},"categories":[5478],"tags":[],"class_list":["post-10303","post","type-post","status-publish","format-standard","has-post-thumbnail","hentry","category-elben-cesar"],"publishpress_future_action":{"enabled":false,"date":"2026-05-04 19:24:53","action":"change-status","newStatus":"draft","terms":[],"taxonomy":"category","extraData":[]},"publishpress_future_workflow_manual_trigger":{"enabledWorkflows":[]},"_links":{"self":[{"href":"https:\/\/ultimato.com.br\/sites\/devocional-diaria\/wp-json\/wp\/v2\/posts\/10303","targetHints":{"allow":["GET"]}}],"collection":[{"href":"https:\/\/ultimato.com.br\/sites\/devocional-diaria\/wp-json\/wp\/v2\/posts"}],"about":[{"href":"https:\/\/ultimato.com.br\/sites\/devocional-diaria\/wp-json\/wp\/v2\/types\/post"}],"author":[{"embeddable":true,"href":"https:\/\/ultimato.com.br\/sites\/devocional-diaria\/wp-json\/wp\/v2\/users\/21"}],"replies":[{"embeddable":true,"href":"https:\/\/ultimato.com.br\/sites\/devocional-diaria\/wp-json\/wp\/v2\/comments?post=10303"}],"version-history":[{"count":1,"href":"https:\/\/ultimato.com.br\/sites\/devocional-diaria\/wp-json\/wp\/v2\/posts\/10303\/revisions"}],"predecessor-version":[{"id":10304,"href":"https:\/\/ultimato.com.br\/sites\/devocional-diaria\/wp-json\/wp\/v2\/posts\/10303\/revisions\/10304"}],"wp:featuredmedia":[{"embeddable":true,"href":"https:\/\/ultimato.com.br\/sites\/devocional-diaria\/wp-json\/wp\/v2\/media\/164"}],"wp:attachment":[{"href":"https:\/\/ultimato.com.br\/sites\/devocional-diaria\/wp-json\/wp\/v2\/media?parent=10303"}],"wp:term":[{"taxonomy":"category","embeddable":true,"href":"https:\/\/ultimato.com.br\/sites\/devocional-diaria\/wp-json\/wp\/v2\/categories?post=10303"},{"taxonomy":"post_tag","embeddable":true,"href":"https:\/\/ultimato.com.br\/sites\/devocional-diaria\/wp-json\/wp\/v2\/tags?post=10303"}],"curies":[{"name":"wp","href":"https:\/\/api.w.org\/{rel}","templated":true}]}}