{"id":10301,"date":"2023-03-06T00:00:15","date_gmt":"2023-03-06T02:00:15","guid":{"rendered":"https:\/\/ultimato.com.br\/sites\/devocional-diaria\/?p=10301"},"modified":"2023-02-28T09:54:51","modified_gmt":"2023-02-28T11:54:51","slug":"o-senhor-da-historia","status":"publish","type":"post","link":"https:\/\/ultimato.com.br\/sites\/devocional-diaria\/2023\/03\/06\/autor\/elben-cesar\/o-senhor-da-historia\/","title":{"rendered":"O Senhor da hist\u00f3ria"},"content":{"rendered":"<p>Eu, sim, sou o Eterno. Sou o \u00fanico Salvador que existe. (Is 43.11)<\/p>\n<p>A falta de conhecimento de Deus e a falta de plena confian\u00e7a neste Deus acarretam entre os crist\u00e3os tristeza, nervosismo, medo, des\u00e2nimo, desespero e at\u00e9 confus\u00e3o. \u00c9 lament\u00e1vel. N\u00e3o deveria ser assim. N\u00e3o h\u00e1 raz\u00e3o alguma para este desgaste emocional.<\/p>\n<p>Muitos se esquecem dos nomes de Deus. Ele \u00e9 chamado de Senhor: o Senhor Deus, o Senhor dos Ex\u00e9rcitos, o Senhor dos senhores, o Senhor dos reis (Dn 2.47), o Senhor do c\u00e9u (Dn 5.23) e o Senhor de toda a terra (Zc 4.14). Ele \u00e9 o Deus dos deuses (Ne 1.4), o Deus dos esp\u00edritos (Ap 22.6), o Deus Alt\u00edssimo, o Deus da sabedoria (1Sm 2.3), o Deus eterno (Dt 33.27). Ele \u00e9 o Todo-Poderoso (Gn 49.25) ou Onipotente (Sl 91.1). Ele \u00e9 o tremendo \u201cEu Sou\u201d: o Alfa e o \u00d4mega, \u201caquele que era, que \u00e9, e que h\u00e1 de vir\u201d (\u00cax 3.13-14; Ap 1.8). E os nomes de Deus s\u00e3o exatos. Expressam tanto a sua natureza como sua a\u00e7\u00e3o.<\/p>\n<p>A esses nomes tem-se dado um outro, que n\u00e3o est\u00e1 textualmente nas Escrituras, mas reflete o que nelas est\u00e1 escrito sobre Deus: ele \u00e9 o Senhor da hist\u00f3ria.<\/p>\n<p>N\u00e3o \u00e9 preciso ter medo: \u00e9 Deus quem converte a maldi\u00e7\u00e3o em b\u00ean\u00e7\u00e3o (Ne 13.2), quem transforma os erros em acerto (Gn 45.7-8), quem derruba (a seu tempo) as na\u00e7\u00f5es (Dn 4.14; Ag 2.21-22), quem conduz a hist\u00f3ria de acordo com o seu pr\u00f3prio des\u00edgnio (Pv 19.21) e quem faz convergir em Cristo \u201ctodas as coisas, tanto as do c\u00e9u como as da terra\u201d (Ef 1.10).<\/p>\n<p>A Palavra de Deus e a pr\u00f3pria hist\u00f3ria acalmam aquele que est\u00e1 agitado, que n\u00e3o v\u00ea como Deus v\u00ea, que n\u00e3o cr\u00ea como deveria crer.<\/p>\n<p>&gt;&gt; Retirado de Cuide das Ra\u00edzes, Espere pelos Frutos, [Elben C\u00e9sar]. Editora Ultimato.<br \/>\nOu\u00e7a e compartilhe nossas devocionais pelo Spotify!<\/p>\n<p><iframe loading=\"lazy\" style=\"border-radius: 12px;\" src=\"https:\/\/open.spotify.com\/embed\/show\/7CG8DL9dgWZEgPzX3rnk51?utm_source=generator&amp;theme=0\" width=\"100%\" height=\"152\" frameborder=\"0\" allowfullscreen=\"allowfullscreen\"><\/iframe><\/p>\n","protected":false},"excerpt":{"rendered":"<p>Eu, sim, sou o Eterno. Sou o \u00fanico Salvador que existe. (Is 43.11) A falta de conhecimento de Deus e a falta de plena confian\u00e7a neste Deus acarretam entre os crist\u00e3os tristeza, nervosismo, medo, des\u00e2nimo, desespero e at\u00e9 confus\u00e3o. \u00c9 lament\u00e1vel. N\u00e3o deveria ser assim. N\u00e3o h\u00e1 raz\u00e3o alguma para este desgaste emocional. Muitos se [&hellip;]<\/p>\n","protected":false},"author":21,"featured_media":165,"comment_status":"open","ping_status":"open","sticky":false,"template":"","format":"standard","meta":{"ngg_post_thumbnail":0,"footnotes":""},"categories":[5478],"tags":[],"class_list":["post-10301","post","type-post","status-publish","format-standard","has-post-thumbnail","hentry","category-elben-cesar"],"publishpress_future_action":{"enabled":false,"date":"2026-05-04 18:03:52","action":"change-status","newStatus":"draft","terms":[],"taxonomy":"category","extraData":[]},"publishpress_future_workflow_manual_trigger":{"enabledWorkflows":[]},"_links":{"self":[{"href":"https:\/\/ultimato.com.br\/sites\/devocional-diaria\/wp-json\/wp\/v2\/posts\/10301","targetHints":{"allow":["GET"]}}],"collection":[{"href":"https:\/\/ultimato.com.br\/sites\/devocional-diaria\/wp-json\/wp\/v2\/posts"}],"about":[{"href":"https:\/\/ultimato.com.br\/sites\/devocional-diaria\/wp-json\/wp\/v2\/types\/post"}],"author":[{"embeddable":true,"href":"https:\/\/ultimato.com.br\/sites\/devocional-diaria\/wp-json\/wp\/v2\/users\/21"}],"replies":[{"embeddable":true,"href":"https:\/\/ultimato.com.br\/sites\/devocional-diaria\/wp-json\/wp\/v2\/comments?post=10301"}],"version-history":[{"count":1,"href":"https:\/\/ultimato.com.br\/sites\/devocional-diaria\/wp-json\/wp\/v2\/posts\/10301\/revisions"}],"predecessor-version":[{"id":10302,"href":"https:\/\/ultimato.com.br\/sites\/devocional-diaria\/wp-json\/wp\/v2\/posts\/10301\/revisions\/10302"}],"wp:featuredmedia":[{"embeddable":true,"href":"https:\/\/ultimato.com.br\/sites\/devocional-diaria\/wp-json\/wp\/v2\/media\/165"}],"wp:attachment":[{"href":"https:\/\/ultimato.com.br\/sites\/devocional-diaria\/wp-json\/wp\/v2\/media?parent=10301"}],"wp:term":[{"taxonomy":"category","embeddable":true,"href":"https:\/\/ultimato.com.br\/sites\/devocional-diaria\/wp-json\/wp\/v2\/categories?post=10301"},{"taxonomy":"post_tag","embeddable":true,"href":"https:\/\/ultimato.com.br\/sites\/devocional-diaria\/wp-json\/wp\/v2\/tags?post=10301"}],"curies":[{"name":"wp","href":"https:\/\/api.w.org\/{rel}","templated":true}]}}