{"id":10298,"date":"2023-03-05T00:00:05","date_gmt":"2023-03-05T02:00:05","guid":{"rendered":"https:\/\/ultimato.com.br\/sites\/devocional-diaria\/?p=10298"},"modified":"2023-02-28T09:50:26","modified_gmt":"2023-02-28T11:50:26","slug":"o-medo-produz-fadiga","status":"publish","type":"post","link":"https:\/\/ultimato.com.br\/sites\/devocional-diaria\/2023\/03\/05\/autor\/stanley-jones\/o-medo-produz-fadiga\/","title":{"rendered":"O medo produz fadiga"},"content":{"rendered":"<p>Mateus 13.20-22; 25.24-25<\/p>\n<p>Medo \u00e9 a ansiedade que se tornou aguda. A ansiedade \u00e9 gen\u00e9rica; o medo \u00e9 espec\u00edfico. Um psiquiatra russo sentou-se \u00e0 mesa de um restaurante-vag\u00e3o com dois homens e uma mulher que usava uma cruz de ouro no pesco\u00e7o. Ela era uma pessoa exuberante que transpirava equil\u00edbrio e sa\u00fade. De repente, o psiquiatra disse: \u201cSe mais pessoas cressem no que essa cruz representa e o colocassem em pr\u00e1tica, eu n\u00e3o teria nada para fazer. Atendo de setenta e cinco a cem pacientes por dia, e as tr\u00eas coisas de que eles mais sofrem s\u00e3o medo, solid\u00e3o e ego\u00edsmo\u201d.<\/p>\n<p>Uma talentosa professora de piano escrevia com grande dificuldade, pois uma das m\u00e3os tremia muito. Ela explicou que sua irm\u00e3 e ela haviam escrito seiscentas cartas de agradecimento \u00e0s pessoas que haviam enviado flores e mensagens quando o pai delas faleceu, e ela acabou por distender um m\u00fasculo do polegar. Por\u00e9m, quando ela tocava, o polegar funcionava normalmente. \u00c9 claro que o problema n\u00e3o era f\u00edsico, mas psicol\u00f3gico; o polegar estava associado ao ato de escrever cartas em uma ocasi\u00e3o dolorosa, a morte de um ente querido. Os nervos do polegar come\u00e7aram a ter uma disfun\u00e7\u00e3o porque as emo\u00e7\u00f5es estavam perturbadas, ent\u00e3o a paralisia ocorreu. Outra mulher me disse o seguinte: \u201cComecei a ter um quadro de asma e percebi, mais tarde, que a asma estava enraizada no meu nervosismo. Entreguei os meus medos a Deus, e a asma desapareceu\u201d.<\/p>\n<p>As inferioridades produzem fadiga. Quando estamos internamente fugindo das coisas, o simples fato de pensar nelas nos deixa cansados.<\/p>\n<p>Os ressentimentos produzem fadiga. Quando algu\u00e9m est\u00e1 remoendo ressentimentos interiores, a fadiga se instala. Uma garota, em um elevador, me disse dando um \u201cn\u00e3o\u201d de cabe\u00e7a: \u201cAquele porteiro est\u00e1 deixando todo mundo louco por aqui\u201d. \u201cE especialmente a ele?\u201d, perguntei. \u201cSim\u201d, concordou ela, \u201cele est\u00e1 ficando louco\u201d. Os ressentimentos em todos estavam se tornando pedras no sapato.<\/p>\n<p>Um paciente desenvolveu uma \u00falcera g\u00e1strica como resultado do fato de que, quando era menino, o som da campainha que anunciava o jantar era como o som do gongo que anunciava o pr\u00f3ximo round de uma luta familiar intermin\u00e1vel. Na \u00e9poca, ele tinha espasmos no est\u00f4mago por causa disso; como consequ\u00eancia, l\u00e1 estava a \u00falcera.<\/p>\n<p>\u00d3 Deus, venho a ti para que leves todos os ressentimentos e medos que me perturbam. N\u00e3o posso tir\u00e1-los sozinho, mas posso consentir, e consinto \u2013 de todo o cora\u00e7\u00e3o, agora. Estou livre, pois te dou meu consentimento livremente. Am\u00e9m.<\/p>\n<p>Afirma\u00e7\u00e3o do dia: \u201cO medo bateu \u00e0 porta, e a f\u00e9 respondeu; j\u00e1 n\u00e3o havia ningu\u00e9m ali.\u201d*<\/p>\n<p>* Prov\u00e9rbio amplamente citado. Autor desconhecido.<\/p>\n<p>&gt;&gt; Retirado de O Caminho [Stanley Jones]. Editora Ultimato.<br \/>\nOu\u00e7a e compartilhe nossas devocionais pelo Spotify<\/p>\n","protected":false},"excerpt":{"rendered":"<p>Mateus 13.20-22; 25.24-25 Medo \u00e9 a ansiedade que se tornou aguda. A ansiedade \u00e9 gen\u00e9rica; o medo \u00e9 espec\u00edfico. Um psiquiatra russo sentou-se \u00e0 mesa de um restaurante-vag\u00e3o com dois homens e uma mulher que usava uma cruz de ouro no pesco\u00e7o. Ela era uma pessoa exuberante que transpirava equil\u00edbrio e sa\u00fade. De repente, o [&hellip;]<\/p>\n","protected":false},"author":21,"featured_media":166,"comment_status":"open","ping_status":"open","sticky":false,"template":"","format":"standard","meta":{"ngg_post_thumbnail":0,"footnotes":""},"categories":[40852],"tags":[],"class_list":["post-10298","post","type-post","status-publish","format-standard","has-post-thumbnail","hentry","category-stanley-jones"],"publishpress_future_action":{"enabled":false,"date":"2026-05-04 16:29:48","action":"change-status","newStatus":"draft","terms":[],"taxonomy":"category","extraData":[]},"publishpress_future_workflow_manual_trigger":{"enabledWorkflows":[]},"_links":{"self":[{"href":"https:\/\/ultimato.com.br\/sites\/devocional-diaria\/wp-json\/wp\/v2\/posts\/10298","targetHints":{"allow":["GET"]}}],"collection":[{"href":"https:\/\/ultimato.com.br\/sites\/devocional-diaria\/wp-json\/wp\/v2\/posts"}],"about":[{"href":"https:\/\/ultimato.com.br\/sites\/devocional-diaria\/wp-json\/wp\/v2\/types\/post"}],"author":[{"embeddable":true,"href":"https:\/\/ultimato.com.br\/sites\/devocional-diaria\/wp-json\/wp\/v2\/users\/21"}],"replies":[{"embeddable":true,"href":"https:\/\/ultimato.com.br\/sites\/devocional-diaria\/wp-json\/wp\/v2\/comments?post=10298"}],"version-history":[{"count":1,"href":"https:\/\/ultimato.com.br\/sites\/devocional-diaria\/wp-json\/wp\/v2\/posts\/10298\/revisions"}],"predecessor-version":[{"id":10299,"href":"https:\/\/ultimato.com.br\/sites\/devocional-diaria\/wp-json\/wp\/v2\/posts\/10298\/revisions\/10299"}],"wp:featuredmedia":[{"embeddable":true,"href":"https:\/\/ultimato.com.br\/sites\/devocional-diaria\/wp-json\/wp\/v2\/media\/166"}],"wp:attachment":[{"href":"https:\/\/ultimato.com.br\/sites\/devocional-diaria\/wp-json\/wp\/v2\/media?parent=10298"}],"wp:term":[{"taxonomy":"category","embeddable":true,"href":"https:\/\/ultimato.com.br\/sites\/devocional-diaria\/wp-json\/wp\/v2\/categories?post=10298"},{"taxonomy":"post_tag","embeddable":true,"href":"https:\/\/ultimato.com.br\/sites\/devocional-diaria\/wp-json\/wp\/v2\/tags?post=10298"}],"curies":[{"name":"wp","href":"https:\/\/api.w.org\/{rel}","templated":true}]}}