{"id":10290,"date":"2023-03-02T00:00:32","date_gmt":"2023-03-02T02:00:32","guid":{"rendered":"https:\/\/ultimato.com.br\/sites\/devocional-diaria\/?p=10290"},"modified":"2023-02-14T08:29:45","modified_gmt":"2023-02-14T10:29:45","slug":"qualidade-e-quantidade-2","status":"publish","type":"post","link":"https:\/\/ultimato.com.br\/sites\/devocional-diaria\/2023\/03\/02\/autor\/elben-cesar\/qualidade-e-quantidade-2\/","title":{"rendered":"Qualidade e quantidade"},"content":{"rendered":"<p>A palavra de Deus continuava a se espalhar. (Atos 6.7a)<\/p>\n<p>Antes de mencionar a continua\u00e7\u00e3o do crescimento num\u00e9rico (6.7), o historiador faz quest\u00e3o de mencionar a continua\u00e7\u00e3o do ensino e da prega\u00e7\u00e3o: \u201cTodos os dias, no p\u00e1tio do templo e de casa em casa, eles continuavam a ensinar e a anunciar a boa not\u00edcia a respeito de Jesus, o Messias\u201d (5.42). Nada de bom parava de funcionar no meio do caminho, muito menos o tempo consagrado \u00e0 ora\u00e7\u00e3o (6.4). Dava-se prosseguimento a tudo. Esse \u00e9 um dos segredos da igreja primitiva.<\/p>\n<p>A continua\u00e7\u00e3o do ensino e a continua\u00e7\u00e3o do crescimento est\u00e3o interligadas. O primeiro \u00e9 mais importante que o segundo. Crescimento exclusivamente num\u00e9rico, sem conhecimento b\u00edblico, sem firmeza doutrin\u00e1ria, sem profundidade, sem o an\u00fancio insistente da cruz e do t\u00famulo vazio, sem a exposi\u00e7\u00e3o dos paradigmas de comportamento a serem alcan\u00e7ados \u2014 acaba em colapso. \u00c9 como uma casa muito grande e bonita constru\u00edda sobre alicerce insuficiente.<\/p>\n<p>N\u00e3o \u00e9 para fazer pouco caso da expans\u00e3o num\u00e9rica e mission\u00e1ria. Ter cada vez maior n\u00famero de pessoas arrependidas, perdoadas e salvas pode ser um dos alvos da igreja, mas n\u00e3o o primeiro, o maior, o mais desejado e o mais procurado. Paulo fez-se \u201cescravo de todos a fim de ganhar para Cristo o maior n\u00famero poss\u00edvel de pessoas\u201d (1Co 9.19). Mas ele tamb\u00e9m ensinava e consolidava os convertidos pela palavra falada e escrita, haja vista as suas dezesseis cartas!<\/p>\n<p>&gt;&gt; Retirado de Refei\u00e7\u00f5es Di\u00e1rias \u2013 no partir do p\u00e3o e na ora\u00e7\u00e3o [Elben C\u00e9sar]. Editora Ultimato.<br \/>\nOu\u00e7a e compartilhe nossas devocionais pelo Spotify!<\/p>\n<p><iframe loading=\"lazy\" style=\"border-radius: 12px;\" src=\"https:\/\/open.spotify.com\/embed\/show\/7CG8DL9dgWZEgPzX3rnk51?utm_source=generator&amp;theme=0\" width=\"100%\" height=\"152\" frameborder=\"0\" allowfullscreen=\"allowfullscreen\"><\/iframe><\/p>\n","protected":false},"excerpt":{"rendered":"<p>A palavra de Deus continuava a se espalhar. (Atos 6.7a) Antes de mencionar a continua\u00e7\u00e3o do crescimento num\u00e9rico (6.7), o historiador faz quest\u00e3o de mencionar a continua\u00e7\u00e3o do ensino e da prega\u00e7\u00e3o: \u201cTodos os dias, no p\u00e1tio do templo e de casa em casa, eles continuavam a ensinar e a anunciar a boa not\u00edcia a [&hellip;]<\/p>\n","protected":false},"author":21,"featured_media":162,"comment_status":"open","ping_status":"open","sticky":false,"template":"","format":"standard","meta":{"ngg_post_thumbnail":0,"footnotes":""},"categories":[5478],"tags":[],"class_list":["post-10290","post","type-post","status-publish","format-standard","has-post-thumbnail","hentry","category-elben-cesar"],"publishpress_future_action":{"enabled":false,"date":"2026-05-04 23:36:49","action":"change-status","newStatus":"draft","terms":[],"taxonomy":"category","extraData":[]},"publishpress_future_workflow_manual_trigger":{"enabledWorkflows":[]},"_links":{"self":[{"href":"https:\/\/ultimato.com.br\/sites\/devocional-diaria\/wp-json\/wp\/v2\/posts\/10290","targetHints":{"allow":["GET"]}}],"collection":[{"href":"https:\/\/ultimato.com.br\/sites\/devocional-diaria\/wp-json\/wp\/v2\/posts"}],"about":[{"href":"https:\/\/ultimato.com.br\/sites\/devocional-diaria\/wp-json\/wp\/v2\/types\/post"}],"author":[{"embeddable":true,"href":"https:\/\/ultimato.com.br\/sites\/devocional-diaria\/wp-json\/wp\/v2\/users\/21"}],"replies":[{"embeddable":true,"href":"https:\/\/ultimato.com.br\/sites\/devocional-diaria\/wp-json\/wp\/v2\/comments?post=10290"}],"version-history":[{"count":1,"href":"https:\/\/ultimato.com.br\/sites\/devocional-diaria\/wp-json\/wp\/v2\/posts\/10290\/revisions"}],"predecessor-version":[{"id":10291,"href":"https:\/\/ultimato.com.br\/sites\/devocional-diaria\/wp-json\/wp\/v2\/posts\/10290\/revisions\/10291"}],"wp:featuredmedia":[{"embeddable":true,"href":"https:\/\/ultimato.com.br\/sites\/devocional-diaria\/wp-json\/wp\/v2\/media\/162"}],"wp:attachment":[{"href":"https:\/\/ultimato.com.br\/sites\/devocional-diaria\/wp-json\/wp\/v2\/media?parent=10290"}],"wp:term":[{"taxonomy":"category","embeddable":true,"href":"https:\/\/ultimato.com.br\/sites\/devocional-diaria\/wp-json\/wp\/v2\/categories?post=10290"},{"taxonomy":"post_tag","embeddable":true,"href":"https:\/\/ultimato.com.br\/sites\/devocional-diaria\/wp-json\/wp\/v2\/tags?post=10290"}],"curies":[{"name":"wp","href":"https:\/\/api.w.org\/{rel}","templated":true}]}}