{"id":10288,"date":"2023-03-01T00:00:47","date_gmt":"2023-03-01T02:00:47","guid":{"rendered":"https:\/\/ultimato.com.br\/sites\/devocional-diaria\/?p=10288"},"modified":"2023-02-14T08:26:52","modified_gmt":"2023-02-14T10:26:52","slug":"pelo-poder-do-espirito-2","status":"publish","type":"post","link":"https:\/\/ultimato.com.br\/sites\/devocional-diaria\/2023\/03\/01\/autor\/elben-cesar\/pelo-poder-do-espirito-2\/","title":{"rendered":"Pelo poder do Esp\u00edrito"},"content":{"rendered":"<p>Os mensageiros do evangelho, que falaram pelo poder do Esp\u00edrito Santo, mandado do\u00a0c\u00e9u, anunciaram a voc\u00eas essas verdades. (1Pe 1.12b)<\/p>\n<p>Expor quest\u00f5es de pecado, culpa, condena\u00e7\u00e3o, expia\u00e7\u00e3o, perd\u00e3o, purifica\u00e7\u00e3o,\u00a0justifica\u00e7\u00e3o, santifica\u00e7\u00e3o, glorifica\u00e7\u00e3o, vida eterna, penas eternas etc., sem que\u00a0seja pelo poder do Esp\u00edrito Santo, \u00e9 uma temeridade. Em palavras mais sofisticadas,\u00a0entrar nas \u00e1reas da teologia (doutrina a respeito de Deus), da antropologia\u00a0(doutrina a respeito do homem), da hamartologia (doutrina a respeito\u00a0do pecado), da soteriologia (doutrina a respeito da salva\u00e7\u00e3o), da cristologia\u00a0(doutrina a respeito de Jesus), da escatologia (doutrina a respeito do tempo do\u00a0fim) e at\u00e9 da pneumatologia (a doutrina a respeito do Esp\u00edrito Santo) \u2013 sem\u00a0a ilumina\u00e7\u00e3o do Esp\u00edrito Santo \u2013 n\u00e3o nos d\u00e1 autoridade, sabedoria, clareza,\u00a0certeza e poder suficientes. Ter\u00edamos tudo, menos aquele \u00f3leo que lubrifica a\u00a0engrenagem da palavra, que chamamos de un\u00e7\u00e3o do Esp\u00edrito Santo.<\/p>\n<p>Pedro est\u00e1 garantindo que Isa\u00edas, Jeremias, Oseias, Miqueias e outros profetas\u00a0messi\u00e2nicos \u201cfalaram pelo poder do Esp\u00edrito Santo, mandado do c\u00e9u\u201d.\u00a0Enquanto o Pentecostes assinala a descida n\u00e3o subjetiva do Esp\u00edrito num\u00a0lugar e num momento s\u00f3, para toda a igreja, homens e mulheres, crian\u00e7as e\u00a0jovens, pastores e ovelhas (At 2.1-4), Pedro lembra aquelas descidas espor\u00e1dicas\u00a0do Esp\u00edrito Santo sobre quem Deus queria, no momento e no lugar por ele\u00a0designados. Gra\u00e7as a essas manifesta\u00e7\u00f5es veterotestament\u00e1rias do Esp\u00edrito, os\u00a0mensageiros do evangelho anunciaram naquele tempo aos seus contempor\u00e2neos,\u00a0bem como a n\u00f3s, as verdades concernentes \u00e0 salva\u00e7\u00e3o.<\/p>\n<p>Pelo Esp\u00edrito e n\u00e3o pela sabedoria e vontade humanas!<strong>\u00a0<\/strong><\/p>\n<p><strong>\u00a0<\/strong><\/p>\n<p><strong>&gt;&gt; Retirado de\u00a0<em><a href=\"https:\/\/www.ultimato.com.br\/loja\/produtos\/refeicoes-diarias-com-os-discipulos\">Refei\u00e7\u00f5es Di\u00e1rias com os Disc\u00edpulos<\/a><\/em> [Elben C\u00e9sar]. <\/strong><strong>Editora Ultimato.<\/strong><strong>\u00a0<\/strong><\/p>\n<p>Ou\u00e7a e compartilhe nossas devocionais pelo <a href=\"https:\/\/open.spotify.com\/show\/7CG8DL9dgWZEgPzX3rnk51?si=1dbGejI2TQS16eamNjb2rA\">Spotify<\/a>!<\/p>\n<p><iframe loading=\"lazy\" style=\"border-radius: 12px;\" src=\"https:\/\/open.spotify.com\/embed\/show\/7CG8DL9dgWZEgPzX3rnk51?utm_source=generator&amp;theme=0\" width=\"100%\" height=\"152\" frameborder=\"0\" allowfullscreen=\"allowfullscreen\"><\/iframe><\/p>\n","protected":false},"excerpt":{"rendered":"<p>Os mensageiros do evangelho, que falaram pelo poder do Esp\u00edrito Santo, mandado do\u00a0c\u00e9u, anunciaram a voc\u00eas essas verdades. (1Pe 1.12b) Expor quest\u00f5es de pecado, culpa, condena\u00e7\u00e3o, expia\u00e7\u00e3o, perd\u00e3o, purifica\u00e7\u00e3o,\u00a0justifica\u00e7\u00e3o, santifica\u00e7\u00e3o, glorifica\u00e7\u00e3o, vida eterna, penas eternas etc., sem que\u00a0seja pelo poder do Esp\u00edrito Santo, \u00e9 uma temeridade. Em palavras mais sofisticadas,\u00a0entrar nas \u00e1reas da teologia (doutrina [&hellip;]<\/p>\n","protected":false},"author":21,"featured_media":163,"comment_status":"open","ping_status":"open","sticky":false,"template":"","format":"standard","meta":{"ngg_post_thumbnail":0,"footnotes":""},"categories":[5478],"tags":[],"class_list":["post-10288","post","type-post","status-publish","format-standard","has-post-thumbnail","hentry","category-elben-cesar"],"publishpress_future_action":{"enabled":false,"date":"2026-05-04 22:14:43","action":"change-status","newStatus":"draft","terms":[],"taxonomy":"category","extraData":[]},"publishpress_future_workflow_manual_trigger":{"enabledWorkflows":[]},"_links":{"self":[{"href":"https:\/\/ultimato.com.br\/sites\/devocional-diaria\/wp-json\/wp\/v2\/posts\/10288","targetHints":{"allow":["GET"]}}],"collection":[{"href":"https:\/\/ultimato.com.br\/sites\/devocional-diaria\/wp-json\/wp\/v2\/posts"}],"about":[{"href":"https:\/\/ultimato.com.br\/sites\/devocional-diaria\/wp-json\/wp\/v2\/types\/post"}],"author":[{"embeddable":true,"href":"https:\/\/ultimato.com.br\/sites\/devocional-diaria\/wp-json\/wp\/v2\/users\/21"}],"replies":[{"embeddable":true,"href":"https:\/\/ultimato.com.br\/sites\/devocional-diaria\/wp-json\/wp\/v2\/comments?post=10288"}],"version-history":[{"count":1,"href":"https:\/\/ultimato.com.br\/sites\/devocional-diaria\/wp-json\/wp\/v2\/posts\/10288\/revisions"}],"predecessor-version":[{"id":10289,"href":"https:\/\/ultimato.com.br\/sites\/devocional-diaria\/wp-json\/wp\/v2\/posts\/10288\/revisions\/10289"}],"wp:featuredmedia":[{"embeddable":true,"href":"https:\/\/ultimato.com.br\/sites\/devocional-diaria\/wp-json\/wp\/v2\/media\/163"}],"wp:attachment":[{"href":"https:\/\/ultimato.com.br\/sites\/devocional-diaria\/wp-json\/wp\/v2\/media?parent=10288"}],"wp:term":[{"taxonomy":"category","embeddable":true,"href":"https:\/\/ultimato.com.br\/sites\/devocional-diaria\/wp-json\/wp\/v2\/categories?post=10288"},{"taxonomy":"post_tag","embeddable":true,"href":"https:\/\/ultimato.com.br\/sites\/devocional-diaria\/wp-json\/wp\/v2\/tags?post=10288"}],"curies":[{"name":"wp","href":"https:\/\/api.w.org\/{rel}","templated":true}]}}