{"id":10286,"date":"2023-02-28T00:00:49","date_gmt":"2023-02-28T02:00:49","guid":{"rendered":"https:\/\/ultimato.com.br\/sites\/devocional-diaria\/?p=10286"},"modified":"2023-02-14T08:23:43","modified_gmt":"2023-02-14T10:23:43","slug":"jesus-o-cordeiro-e-o-leao-2","status":"publish","type":"post","link":"https:\/\/ultimato.com.br\/sites\/devocional-diaria\/2023\/02\/28\/autor\/elben-cesar\/jesus-o-cordeiro-e-o-leao-2\/","title":{"rendered":"Jesus, o cordeiro e o le\u00e3o"},"content":{"rendered":"<p>Est\u00e1 vestido com um manto tinto de sangue, e o seu nome se chama o Verbo de Deus. (Apocalipse19.13)<\/p>\n<p>Os crist\u00e3os n\u00e3o podem abrir m\u00e3o do Jesus sofredor nem do Jesus glorioso. T\u00eam de olhar para o passado e enxergar a cruz e olhar para o futuro e enxergar a coroa. As duas est\u00e3o sempre juntas; n\u00e3o no tempo, mas na hist\u00f3ria da salva\u00e7\u00e3o.<\/p>\n<p>A Santa Ceia provoca a lembran\u00e7a do Jesus do primeiro evento (o desfigurado) e do Jesus do segundo evento (o transfigurado). O primeiro nos d\u00e1 a certeza de que o problema do pecado j\u00e1 est\u00e1 resolvido. O segundo nos d\u00e1 a esperan\u00e7a da gl\u00f3ria transbordante. A cruz abre caminho para a justifica\u00e7\u00e3o; a coroa, para a glorifica\u00e7\u00e3o.<\/p>\n<p>N\u00e3o podemos descartar nem a cruz nem a coroa; nem a desfigura\u00e7\u00e3o nem a transfigura\u00e7\u00e3o; nem as vestes tintas de sangue nem as vestes brancas como a luz; nem a descida aos infernos nem a subida aos mais altos c\u00e9us; nem a Paix\u00e3o nem a P\u00e1scoa; nem a humilha\u00e7\u00e3o nem a exalta\u00e7\u00e3o. Na sexta-feira, Jesus \u00e9 o Cordeiro de Deus que tira o pecado do mundo (Jo 1.29). No domingo, ele \u00e9 o Le\u00e3o da tribo de Jud\u00e1 (Ap 5.5).<\/p>\n<p>\u2014 Como foi com ele, assim tamb\u00e9m ser\u00e1 comigo: primeiro a cruz, depois a coroa.<\/p>\n<p>&gt;&gt; Retirado de Refei\u00e7\u00f5es Di\u00e1rias com Jesus [Elben C\u00e9sar]. Editora Ultimato.<br \/>\nOu\u00e7a e compartilhe nossas devocionais pelo Spotify!<br \/>\n<iframe loading=\"lazy\" style=\"border-radius: 12px;\" src=\"https:\/\/open.spotify.com\/embed\/show\/7CG8DL9dgWZEgPzX3rnk51?utm_source=generator&amp;theme=0\" width=\"100%\" height=\"152\" frameborder=\"0\" allowfullscreen=\"allowfullscreen\"><\/iframe><\/p>\n","protected":false},"excerpt":{"rendered":"<p>Est\u00e1 vestido com um manto tinto de sangue, e o seu nome se chama o Verbo de Deus. (Apocalipse19.13) Os crist\u00e3os n\u00e3o podem abrir m\u00e3o do Jesus sofredor nem do Jesus glorioso. T\u00eam de olhar para o passado e enxergar a cruz e olhar para o futuro e enxergar a coroa. As duas est\u00e3o sempre [&hellip;]<\/p>\n","protected":false},"author":21,"featured_media":164,"comment_status":"open","ping_status":"open","sticky":false,"template":"","format":"standard","meta":{"ngg_post_thumbnail":0,"footnotes":""},"categories":[5478],"tags":[],"class_list":["post-10286","post","type-post","status-publish","format-standard","has-post-thumbnail","hentry","category-elben-cesar"],"publishpress_future_action":{"enabled":false,"date":"2026-05-04 20:56:34","action":"change-status","newStatus":"draft","terms":[],"taxonomy":"category","extraData":[]},"publishpress_future_workflow_manual_trigger":{"enabledWorkflows":[]},"_links":{"self":[{"href":"https:\/\/ultimato.com.br\/sites\/devocional-diaria\/wp-json\/wp\/v2\/posts\/10286","targetHints":{"allow":["GET"]}}],"collection":[{"href":"https:\/\/ultimato.com.br\/sites\/devocional-diaria\/wp-json\/wp\/v2\/posts"}],"about":[{"href":"https:\/\/ultimato.com.br\/sites\/devocional-diaria\/wp-json\/wp\/v2\/types\/post"}],"author":[{"embeddable":true,"href":"https:\/\/ultimato.com.br\/sites\/devocional-diaria\/wp-json\/wp\/v2\/users\/21"}],"replies":[{"embeddable":true,"href":"https:\/\/ultimato.com.br\/sites\/devocional-diaria\/wp-json\/wp\/v2\/comments?post=10286"}],"version-history":[{"count":1,"href":"https:\/\/ultimato.com.br\/sites\/devocional-diaria\/wp-json\/wp\/v2\/posts\/10286\/revisions"}],"predecessor-version":[{"id":10287,"href":"https:\/\/ultimato.com.br\/sites\/devocional-diaria\/wp-json\/wp\/v2\/posts\/10286\/revisions\/10287"}],"wp:featuredmedia":[{"embeddable":true,"href":"https:\/\/ultimato.com.br\/sites\/devocional-diaria\/wp-json\/wp\/v2\/media\/164"}],"wp:attachment":[{"href":"https:\/\/ultimato.com.br\/sites\/devocional-diaria\/wp-json\/wp\/v2\/media?parent=10286"}],"wp:term":[{"taxonomy":"category","embeddable":true,"href":"https:\/\/ultimato.com.br\/sites\/devocional-diaria\/wp-json\/wp\/v2\/categories?post=10286"},{"taxonomy":"post_tag","embeddable":true,"href":"https:\/\/ultimato.com.br\/sites\/devocional-diaria\/wp-json\/wp\/v2\/tags?post=10286"}],"curies":[{"name":"wp","href":"https:\/\/api.w.org\/{rel}","templated":true}]}}