{"id":10284,"date":"2023-02-27T00:00:25","date_gmt":"2023-02-27T02:00:25","guid":{"rendered":"https:\/\/ultimato.com.br\/sites\/devocional-diaria\/?p=10284"},"modified":"2023-02-14T08:20:46","modified_gmt":"2023-02-14T10:20:46","slug":"avivamento-e-capacidade-de-amar","status":"publish","type":"post","link":"https:\/\/ultimato.com.br\/sites\/devocional-diaria\/2023\/02\/27\/autor\/elben-cesar\/avivamento-e-capacidade-de-amar\/","title":{"rendered":"Avivamento e capacidade de amar"},"content":{"rendered":"<p>Por\u00e9m tenho uma coisa contra voc\u00eas: \u00e9 que agora voc\u00eas n\u00e3o me amam como me amavam no princ\u00edpio. (Ap 2.4)<\/p>\n<p>N\u00e3o h\u00e1 despertamento \u2013 ou avivamento espiritual \u2013 se o amor permanece ausente nas rela\u00e7\u00f5es humanas. O amor \u00e9 a base de tudo, da reden\u00e7\u00e3o do homem, da encarna\u00e7\u00e3o do Verbo. O ego\u00edsmo \u00e9 a base do pecado. A apar\u00eancia externa de amor n\u00e3o substitui o amor: \u201cAinda que eu distribua todos os meus bens entre os pobres, e ainda que entregue o meu pr\u00f3prio corpo para ser queimado, se n\u00e3o tiver amor, nada disso me aproveitar\u00e1\u201d (1Co 13.3). O amor real leva a atitudes concretas de servi\u00e7o aos de dentro e aos de fora da comunidade de f\u00e9.<\/p>\n<p>As qualidades de zelo, ortodoxia e fidelidade n\u00e3o podem estar desacompanhadas de amor. A quebra do amor degenera o cuidado pela pureza doutrin\u00e1ria em rancor contra os que divergem, a tal ponto que a igreja de \u00c9feso \u00e9 exortada a descobrir onde, como e quando come\u00e7ou a cair, arrepender-se e voltar atr\u00e1s, \u00e0 pr\u00e1tica do primeiro amor, do qual Paulo, anos antes, se admirara (Ef 1.15). A falta de amor na Igreja de Deus deixa os homens livres para a vaidade, a vingan\u00e7a, a prepot\u00eancia, a suspeita, a amargura, e abre as portas para o revide, a luta, a revolta, o esc\u00e2ndalo.<\/p>\n<p>Uma visita\u00e7\u00e3o especial de Deus nos aproximaria da conclus\u00e3o de que \u201ctoda fraqueza e decad\u00eancia na Igreja t\u00eam por motivo inicial a falta que se exprime nas palavras: \u2018Abandonaste o teu primeiro amor\u2019\u201d (James Ingleby). Afinal, toda a lei e os profetas dependem dos dois mandamentos do amor: amar a Deus de todo o cora\u00e7\u00e3o e o pr\u00f3ximo como a si mesmo (Mt 22.34-40).<\/p>\n<p>&gt;&gt; Retirado de Cuide das Ra\u00edzes, Espere pelos Frutos, [Elben C\u00e9sar]. Editora Ultimato.<br \/>\nOu\u00e7a e compartilhe nossas devocionais pelo Spotify!<\/p>\n<p><iframe loading=\"lazy\" style=\"border-radius: 12px;\" src=\"https:\/\/open.spotify.com\/embed\/show\/7CG8DL9dgWZEgPzX3rnk51?utm_source=generator&amp;theme=0\" width=\"100%\" height=\"152\" frameborder=\"0\" allowfullscreen=\"allowfullscreen\"><\/iframe><\/p>\n","protected":false},"excerpt":{"rendered":"<p>Por\u00e9m tenho uma coisa contra voc\u00eas: \u00e9 que agora voc\u00eas n\u00e3o me amam como me amavam no princ\u00edpio. (Ap 2.4) N\u00e3o h\u00e1 despertamento \u2013 ou avivamento espiritual \u2013 se o amor permanece ausente nas rela\u00e7\u00f5es humanas. O amor \u00e9 a base de tudo, da reden\u00e7\u00e3o do homem, da encarna\u00e7\u00e3o do Verbo. O ego\u00edsmo \u00e9 a [&hellip;]<\/p>\n","protected":false},"author":21,"featured_media":165,"comment_status":"open","ping_status":"open","sticky":false,"template":"","format":"standard","meta":{"ngg_post_thumbnail":0,"footnotes":""},"categories":[5478],"tags":[],"class_list":["post-10284","post","type-post","status-publish","format-standard","has-post-thumbnail","hentry","category-elben-cesar"],"publishpress_future_action":{"enabled":false,"date":"2026-05-04 19:24:53","action":"change-status","newStatus":"draft","terms":[],"taxonomy":"category","extraData":[]},"publishpress_future_workflow_manual_trigger":{"enabledWorkflows":[]},"_links":{"self":[{"href":"https:\/\/ultimato.com.br\/sites\/devocional-diaria\/wp-json\/wp\/v2\/posts\/10284","targetHints":{"allow":["GET"]}}],"collection":[{"href":"https:\/\/ultimato.com.br\/sites\/devocional-diaria\/wp-json\/wp\/v2\/posts"}],"about":[{"href":"https:\/\/ultimato.com.br\/sites\/devocional-diaria\/wp-json\/wp\/v2\/types\/post"}],"author":[{"embeddable":true,"href":"https:\/\/ultimato.com.br\/sites\/devocional-diaria\/wp-json\/wp\/v2\/users\/21"}],"replies":[{"embeddable":true,"href":"https:\/\/ultimato.com.br\/sites\/devocional-diaria\/wp-json\/wp\/v2\/comments?post=10284"}],"version-history":[{"count":1,"href":"https:\/\/ultimato.com.br\/sites\/devocional-diaria\/wp-json\/wp\/v2\/posts\/10284\/revisions"}],"predecessor-version":[{"id":10285,"href":"https:\/\/ultimato.com.br\/sites\/devocional-diaria\/wp-json\/wp\/v2\/posts\/10284\/revisions\/10285"}],"wp:featuredmedia":[{"embeddable":true,"href":"https:\/\/ultimato.com.br\/sites\/devocional-diaria\/wp-json\/wp\/v2\/media\/165"}],"wp:attachment":[{"href":"https:\/\/ultimato.com.br\/sites\/devocional-diaria\/wp-json\/wp\/v2\/media?parent=10284"}],"wp:term":[{"taxonomy":"category","embeddable":true,"href":"https:\/\/ultimato.com.br\/sites\/devocional-diaria\/wp-json\/wp\/v2\/categories?post=10284"},{"taxonomy":"post_tag","embeddable":true,"href":"https:\/\/ultimato.com.br\/sites\/devocional-diaria\/wp-json\/wp\/v2\/tags?post=10284"}],"curies":[{"name":"wp","href":"https:\/\/api.w.org\/{rel}","templated":true}]}}