{"id":10282,"date":"2023-02-26T00:00:04","date_gmt":"2023-02-26T02:00:04","guid":{"rendered":"https:\/\/ultimato.com.br\/sites\/devocional-diaria\/?p=10282"},"modified":"2023-02-13T17:58:20","modified_gmt":"2023-02-13T19:58:20","slug":"vivendo-de-modo-digno-do-evangelho-3","status":"publish","type":"post","link":"https:\/\/ultimato.com.br\/sites\/devocional-diaria\/2023\/02\/26\/autor\/john-stott\/vivendo-de-modo-digno-do-evangelho-3\/","title":{"rendered":"Vivendo de modo digno do evangelho"},"content":{"rendered":"<p><em>N\u00e3o importa o que aconte\u00e7a, exer\u00e7am a sua cidadania de maneira digna do evangelho de Cristo. (<\/em>Filipenses 1.27)<\/p>\n<p>O futuro de Paulo, por ser um prisioneiro, era totalmente incerto. Ele sabia que a hora de sua morte talvez estivesse se aproximando. Mas \u201cn\u00e3o importa o que aconte\u00e7a\u201d, independentemente de sua vida ou morte, sua maior preocupa\u00e7\u00e3o n\u00e3o era consigo mesmo, mas com o evangelho e com o que aconteceria com ele depois de sua partida. Ent\u00e3o ele fez cinco eloquentes convoca\u00e7\u00f5es aos filipenses (v. 27-30):<\/p>\n<p>&nbsp;<\/p>\n<ol>\n<li><em>Vivam de maneira digna do evangelho<\/em>. Nossa conduta deve ser coerente com o nosso chamado. N\u00e3o pode haver dicotomia entre aquilo que dizemos e aquilo que somos, e sim uma consist\u00eancia fundamental.<\/li>\n<\/ol>\n<p>&nbsp;<\/p>\n<ol start=\"2\">\n<li><em>Permane\u00e7am firmes no evangelho<\/em>. Estabilidade \u00e9 importante em todas as esferas. Falamos de estabilidade no governo, na economia e nas constru\u00e7\u00f5es. Lucas conta que os ap\u00f3stolos costumavam voltar \u00e0s cidades que haviam evangelizado, firmando os convertidos. Todavia, a estabilidade na doutrina e na \u00e9tica est\u00e1 em falta hoje em dia.<\/li>\n<\/ol>\n<p>&nbsp;<\/p>\n<ol start=\"3\">\n<li><em>Lutem pela f\u00e9 do evangelho<\/em>. Isso descreve uma combina\u00e7\u00e3o entre evan\u00adgelismo e apolog\u00e9tica. N\u00e3o devemos apenas proclamar o evangelho, mas tamb\u00e9m defend\u00ea-lo, argumentando sobre a sua verdade.<\/li>\n<\/ol>\n<p>&nbsp;<\/p>\n<ol start=\"4\">\n<li><em>Trabalhem juntos pelo evangelho<\/em>. Este \u00e9 o chamado \u00e0 unidade que \u00e9 muito enfatizado em Filipenses. Paulo conclama os crist\u00e3os em Filipos a \u201cpermane\u00adce[re]m firmes num s\u00f3 esp\u00edrito, lutando un\u00e2nimes pela f\u00e9 evang\u00e9lica\u201d (v. 27). O ap\u00f3stolo, obviamente, n\u00e3o defende a unidade a qualquer pre\u00e7o, compro\u00admetendo verdades fundamentais para obt\u00ea-la, mas a unidade naquilo que \u00e9 essencial no evangelho.<\/li>\n<\/ol>\n<p>&nbsp;<\/p>\n<ol start=\"5\">\n<li><em>Estejam prontos a sofrer pelo evangelho<\/em>. \u201cPois a voc\u00eas foi dado o privil\u00e9gio de n\u00e3o apenas crer em Cristo, mas tamb\u00e9m de sofrer por ele\u201d (v. 29). \u00c9 muito surpreendente que a f\u00e9 e o sofrimento sejam privil\u00e9gios paralelos concedidos ao povo de Deus. Os filipenses viram Paulo ser fisicamente perseguido em sua cidade, e eles tamb\u00e9m iriam sofrer, pois \u201co sofrimento \u00e9 a marca do verdadeiro crist\u00e3o\u201d, escreveu Dietrich Bonhoeffer.<\/li>\n<\/ol>\n<p>Para saber mais: Filipenses 1.27-30<strong>\u00a0<\/strong><\/p>\n<p><strong>\u00a0<\/strong><\/p>\n<p><strong>&gt;&gt; Retirado de\u00a0<em><a href=\"https:\/\/www.ultimato.com.br\/loja\/produtos\/a-biblia-toda-o-ano-todo-1\">A B\u00edblia Toda, o Ano Todo<\/a><\/em>\u00a0[John Stott]. <\/strong><strong>Editora Ultimato.<\/strong><\/p>\n<p>Ou\u00e7a e compartilhe nossas devocionais pelo <a href=\"https:\/\/open.spotify.com\/show\/7CG8DL9dgWZEgPzX3rnk51?si=1dbGejI2TQS16eamNjb2rA\">Spotify<\/a>!<\/p>\n","protected":false},"excerpt":{"rendered":"<p>N\u00e3o importa o que aconte\u00e7a, exer\u00e7am a sua cidadania de maneira digna do evangelho de Cristo. (Filipenses 1.27) O futuro de Paulo, por ser um prisioneiro, era totalmente incerto. Ele sabia que a hora de sua morte talvez estivesse se aproximando. Mas \u201cn\u00e3o importa o que aconte\u00e7a\u201d, independentemente de sua vida ou morte, sua maior [&hellip;]<\/p>\n","protected":false},"author":21,"featured_media":166,"comment_status":"open","ping_status":"open","sticky":false,"template":"","format":"standard","meta":{"ngg_post_thumbnail":0,"footnotes":""},"categories":[5668],"tags":[],"class_list":["post-10282","post","type-post","status-publish","format-standard","has-post-thumbnail","hentry","category-john-stott"],"publishpress_future_action":{"enabled":false,"date":"2026-05-04 18:02:02","action":"change-status","newStatus":"draft","terms":[],"taxonomy":"category","extraData":[]},"publishpress_future_workflow_manual_trigger":{"enabledWorkflows":[]},"_links":{"self":[{"href":"https:\/\/ultimato.com.br\/sites\/devocional-diaria\/wp-json\/wp\/v2\/posts\/10282","targetHints":{"allow":["GET"]}}],"collection":[{"href":"https:\/\/ultimato.com.br\/sites\/devocional-diaria\/wp-json\/wp\/v2\/posts"}],"about":[{"href":"https:\/\/ultimato.com.br\/sites\/devocional-diaria\/wp-json\/wp\/v2\/types\/post"}],"author":[{"embeddable":true,"href":"https:\/\/ultimato.com.br\/sites\/devocional-diaria\/wp-json\/wp\/v2\/users\/21"}],"replies":[{"embeddable":true,"href":"https:\/\/ultimato.com.br\/sites\/devocional-diaria\/wp-json\/wp\/v2\/comments?post=10282"}],"version-history":[{"count":1,"href":"https:\/\/ultimato.com.br\/sites\/devocional-diaria\/wp-json\/wp\/v2\/posts\/10282\/revisions"}],"predecessor-version":[{"id":10283,"href":"https:\/\/ultimato.com.br\/sites\/devocional-diaria\/wp-json\/wp\/v2\/posts\/10282\/revisions\/10283"}],"wp:featuredmedia":[{"embeddable":true,"href":"https:\/\/ultimato.com.br\/sites\/devocional-diaria\/wp-json\/wp\/v2\/media\/166"}],"wp:attachment":[{"href":"https:\/\/ultimato.com.br\/sites\/devocional-diaria\/wp-json\/wp\/v2\/media?parent=10282"}],"wp:term":[{"taxonomy":"category","embeddable":true,"href":"https:\/\/ultimato.com.br\/sites\/devocional-diaria\/wp-json\/wp\/v2\/categories?post=10282"},{"taxonomy":"post_tag","embeddable":true,"href":"https:\/\/ultimato.com.br\/sites\/devocional-diaria\/wp-json\/wp\/v2\/tags?post=10282"}],"curies":[{"name":"wp","href":"https:\/\/api.w.org\/{rel}","templated":true}]}}