{"id":10280,"date":"2023-02-25T00:00:18","date_gmt":"2023-02-25T02:00:18","guid":{"rendered":"https:\/\/ultimato.com.br\/sites\/devocional-diaria\/?p=10280"},"modified":"2023-02-13T17:54:58","modified_gmt":"2023-02-13T19:54:58","slug":"oracao-e-revisao-2","status":"publish","type":"post","link":"https:\/\/ultimato.com.br\/sites\/devocional-diaria\/2023\/02\/25\/autor\/stanley-jones\/oracao-e-revisao-2\/","title":{"rendered":"Ora\u00e7\u00e3o \u00e9 revis\u00e3o"},"content":{"rendered":"<p>Atos 9.10-17<\/p>\n<p>Uma vers\u00e3o revisada da sua vida \u00e9 revelada toda vez que\u00a0voc\u00ea ora de fato. Pois, no sil\u00eancio diante de Deus, voc\u00ea submete mais e mais \u00e1reas\u00a0da sua vida ao controle dele, mais e mais poderes s\u00e3o colocados \u00e0 disposi\u00e7\u00e3o de\u00a0Deus, mais e mais canais de receptividade s\u00e3o abertos, cada vez mais sua vontade\u00a0se alinha \u00e0 de Deus. Algu\u00e9m definiu educa\u00e7\u00e3o como mudan\u00e7a. Ent\u00e3o, ora\u00e7\u00e3o \u00e9\u00a0a educa\u00e7\u00e3o mais profunda da vida, pois, na ora\u00e7\u00e3o, voc\u00ea est\u00e1 sendo educado no\u00a0lugar que mais importa \u2013 no centro da vida. Voc\u00ea est\u00e1 sendo educado no ser.<\/p>\n<p>&nbsp;<\/p>\n<p>Querido Senhor, por tr\u00eas coisas eu oro:<\/p>\n<p>Para te ver com mais clareza,<\/p>\n<p>Para te amar mais profundamente,<\/p>\n<p>Para te seguir mais de perto,<\/p>\n<p>Dia a dia.*<\/p>\n<p>Se ora\u00e7\u00e3o \u00e9 revis\u00e3o, ent\u00e3o ora\u00e7\u00e3o significa tamb\u00e9m poda. \u201cTodo ramo [&#8230;] que\u00a0d\u00e1 fruto ele poda, para que d\u00ea mais fruto ainda\u201d (Jo 15.2). Poda o qu\u00ea? Deus poda\u00a0os ramos que sugam a vida do galho, que n\u00e3o d\u00e3o fruto, que apenas impedem a\u00a0frutifica\u00e7\u00e3o. Esses ramos que sugam a vida n\u00e3o s\u00e3o ruins; eles simplesmente sugam\u00a0a vida do que deveria dar frutos. Grande parte da nossa vida est\u00e1 cheia de coisas\u00a0sem import\u00e2ncia. Estamos ocupados com futilidades. A ora\u00e7\u00e3o traz o importante\u00a0para o centro da consci\u00eancia e expulsa o que n\u00e3o \u00e9 importante.<\/p>\n<p>Enquanto trabalhava, um artista tinha ao seu lado uma cole\u00e7\u00e3o de pedras\u00a0preciosas de muitas cores. Quando perguntado por que, ele respondeu: \u201cTenho\u00a0que purificar meus olhos constantemente com as cores da natureza\u201d. Essas cores\u00a0clarificavam as cores dele. Olho para Jesus e me vem um senso de valor. Purifico\u00a0meus olhos nas cores dele.<\/p>\n<p>Algu\u00e9m tentou convencer as crian\u00e7as de uma favela a tomarem banho. Elas\u00a0n\u00e3o atenderam a esses apelos at\u00e9 que se tentou outro m\u00e9todo: uma crian\u00e7a com o\u00a0rosto limpo e as roupas limpas foi levada at\u00e9 elas. Ent\u00e3o, uma a uma, elas sa\u00edram\u00a0e lavaram o rosto. Contemplo o rosto de Jesus e sei que, ao fazer isso, preciso\u00a0lavar o meu pr\u00f3prio rosto, o meu cora\u00e7\u00e3o, a minha vida. A ora\u00e7\u00e3o poda nossos\u00a0prop\u00f3sitos e nosso ser.<\/p>\n<p><em>\u00d3 Cristo, contemplo o teu rosto, ou\u00e7o a tua voz e vou embora com a sensa\u00e7\u00e3o de que desejo\u00a0jogar algo fora. Quero esvaziar as m\u00e3os para poder segurar o Cristo inteiro; desejo o que\u00a0tem valor eterno. Am\u00e9m.\u00a0<\/em><\/p>\n<p>Afirma\u00e7\u00e3o do dia: \u201cComo pode o jovem manter pura a sua conduta? Vivendo de\u00a0acordo com a tua palavra\u201d (Sl 119.9).<\/p>\n<p>* Adaptado da ora\u00e7\u00e3o de Richard de Chichester (1197\u20131253).<strong>\u00a0<\/strong><\/p>\n<p><strong>\u00a0<\/strong><\/p>\n<p><strong>&gt;&gt; Retirado de\u00a0<em><a href=\"https:\/\/www.ultimato.com.br\/loja\/produtos\/o-caminho\">O Caminho<\/a><\/em> [Stanley Jones]. Editora Ultimato.<\/strong><\/p>\n<p>Ou\u00e7a e compartilhe nossas devocionais pelo <a href=\"https:\/\/open.spotify.com\/show\/7CG8DL9dgWZEgPzX3rnk51?si=1dbGejI2TQS16eamNjb2rA\">Spotify<\/a>!<\/p>\n","protected":false},"excerpt":{"rendered":"<p>Atos 9.10-17 Uma vers\u00e3o revisada da sua vida \u00e9 revelada toda vez que\u00a0voc\u00ea ora de fato. Pois, no sil\u00eancio diante de Deus, voc\u00ea submete mais e mais \u00e1reas\u00a0da sua vida ao controle dele, mais e mais poderes s\u00e3o colocados \u00e0 disposi\u00e7\u00e3o de\u00a0Deus, mais e mais canais de receptividade s\u00e3o abertos, cada vez mais sua vontade\u00a0se [&hellip;]<\/p>\n","protected":false},"author":21,"featured_media":157,"comment_status":"open","ping_status":"open","sticky":false,"template":"","format":"standard","meta":{"ngg_post_thumbnail":0,"footnotes":""},"categories":[40852],"tags":[],"class_list":["post-10280","post","type-post","status-publish","format-standard","has-post-thumbnail","hentry","category-stanley-jones"],"publishpress_future_action":{"enabled":false,"date":"2026-05-04 16:29:16","action":"change-status","newStatus":"draft","terms":[],"taxonomy":"category","extraData":[]},"publishpress_future_workflow_manual_trigger":{"enabledWorkflows":[]},"_links":{"self":[{"href":"https:\/\/ultimato.com.br\/sites\/devocional-diaria\/wp-json\/wp\/v2\/posts\/10280","targetHints":{"allow":["GET"]}}],"collection":[{"href":"https:\/\/ultimato.com.br\/sites\/devocional-diaria\/wp-json\/wp\/v2\/posts"}],"about":[{"href":"https:\/\/ultimato.com.br\/sites\/devocional-diaria\/wp-json\/wp\/v2\/types\/post"}],"author":[{"embeddable":true,"href":"https:\/\/ultimato.com.br\/sites\/devocional-diaria\/wp-json\/wp\/v2\/users\/21"}],"replies":[{"embeddable":true,"href":"https:\/\/ultimato.com.br\/sites\/devocional-diaria\/wp-json\/wp\/v2\/comments?post=10280"}],"version-history":[{"count":1,"href":"https:\/\/ultimato.com.br\/sites\/devocional-diaria\/wp-json\/wp\/v2\/posts\/10280\/revisions"}],"predecessor-version":[{"id":10281,"href":"https:\/\/ultimato.com.br\/sites\/devocional-diaria\/wp-json\/wp\/v2\/posts\/10280\/revisions\/10281"}],"wp:featuredmedia":[{"embeddable":true,"href":"https:\/\/ultimato.com.br\/sites\/devocional-diaria\/wp-json\/wp\/v2\/media\/157"}],"wp:attachment":[{"href":"https:\/\/ultimato.com.br\/sites\/devocional-diaria\/wp-json\/wp\/v2\/media?parent=10280"}],"wp:term":[{"taxonomy":"category","embeddable":true,"href":"https:\/\/ultimato.com.br\/sites\/devocional-diaria\/wp-json\/wp\/v2\/categories?post=10280"},{"taxonomy":"post_tag","embeddable":true,"href":"https:\/\/ultimato.com.br\/sites\/devocional-diaria\/wp-json\/wp\/v2\/tags?post=10280"}],"curies":[{"name":"wp","href":"https:\/\/api.w.org\/{rel}","templated":true}]}}