{"id":10276,"date":"2023-02-23T00:00:05","date_gmt":"2023-02-23T02:00:05","guid":{"rendered":"https:\/\/ultimato.com.br\/sites\/devocional-diaria\/?p=10276"},"modified":"2023-02-13T17:50:00","modified_gmt":"2023-02-13T19:50:00","slug":"cristo-sim-igreja-sim","status":"publish","type":"post","link":"https:\/\/ultimato.com.br\/sites\/devocional-diaria\/2023\/02\/23\/luiz-araujo\/cristo-sim-igreja-sim\/","title":{"rendered":"Cristo, sim. Igreja, sim"},"content":{"rendered":"<p>Ele \u00e9 a cabe\u00e7a do corpo, da igreja. Ele \u00e9 o princ\u00edpio, o primog\u00eanito de entre os mortos, para que em todas as coisas ter a primazia. [Colossenses 1.18]<\/p>\n<p>Cristo deve ter sempre o primeiro lugar na nossa vida. Ele tem a primazia em tudo. No entanto, alguns querem Cristo, mas n\u00e3o querem a sua igreja, o que n\u00e3o \u00e9 certo. A ordem deve ser: Cristo sim, a igreja tamb\u00e9m. A igreja n\u00e3o vem antes dele, mas nasce a partir dele e \u00e9 o corpo dele. O relacionamento de Cristo com a sua igreja \u00e9 vital para o desenvolvimento dos crist\u00e3os; assim, desprezar a igreja \u00e9 desprezar o corpo de Cristo, e significa desprezar o pr\u00f3prio Senhor Jesus. N\u00e3o h\u00e1 um s\u00f3 pensamento no Novo Testamento de que um salvo possa viver a vida em Cristo \u00e0 parte da sua igreja.<\/p>\n<p>A igreja crist\u00e3 foi fundada por Cristo e ele mesmo cuida da sua edifica\u00e7\u00e3o.\u00a0Conquanto ela seja imperfeita durante a sua caminhada hist\u00f3rica, Jesus est\u00e1\u00a0trabalhando nela, usando pessoas pecadoras como n\u00f3s para ajudar no seu\u00a0desenvolvimento e edifica\u00e7\u00e3o. Sem o trabalho da lideran\u00e7a, o povo de Deus n\u00e3o\u00a0alcan\u00e7a a maturidade crist\u00e3 (Ef 4.11-12). Nas Escrituras, a igreja \u00e9 apresentada\u00a0como rebanho, edif\u00edcio, lavoura, fam\u00edlia. Todas essas compara\u00e7\u00f5es exigem\u00a0que ela tenha um pastor, um construtor, um lavrador e um pai. A igreja n\u00e3o \u00e9\u00a0\u00f3rf\u00e3, entregue a si mesma; a sua liga\u00e7\u00e3o com Cristo \u00e9 o seu fundamento. Jesus\u00a0como cabe\u00e7a ama e cuida da sua igreja, e os seus servos devem fazer o mesmo.<\/p>\n<p>Enquanto aqui na terra a igreja ser\u00e1 sempre imperfeita, chegar\u00e1 o dia,\u00a0no entanto, em que ela subir\u00e1 para o c\u00e9u e assim estar\u00e1 livre das limita\u00e7\u00f5es\u00a0humanas. Devemos amar Cristo e amar tamb\u00e9m a igreja que ele tanto ama.\u00a0Que nunca a menosprezemos e nem a abandonemos. Que trabalhemos para\u00a0sua edifica\u00e7\u00e3o, pureza e crescimento. Cristo sim, igreja tamb\u00e9m.<\/p>\n<p>Senhor Deus, coloca no meu cora\u00e7\u00e3o mais amor pela tua igreja e usa-me para\u00a0a edifica\u00e7\u00e3o dela at\u00e9 que Jesus volte e a leve.<strong>\u00a0<\/strong><\/p>\n<p><strong>\u00a0<\/strong><\/p>\n<p><strong>&gt;&gt; Retirado de\u00a0<em><a href=\"https:\/\/www.ultimato.com.br\/loja\/produtos\/refeicoes-diarias-celebrando-a-reconciliacao\">Refei\u00e7\u00f5es Di\u00e1rias \u2013 Celebrando a Reconcilia\u00e7\u00e3o<\/a><\/em>. <\/strong><strong>Editora Ultimato.<\/strong><\/p>\n<p>Ou\u00e7a e compartilhe nossas devocionais pelo <a href=\"https:\/\/open.spotify.com\/show\/7CG8DL9dgWZEgPzX3rnk51?si=1dbGejI2TQS16eamNjb2rA\">Spotify<\/a>!<\/p>\n<p><iframe loading=\"lazy\" style=\"border-radius: 12px;\" src=\"https:\/\/open.spotify.com\/embed\/show\/7CG8DL9dgWZEgPzX3rnk51?utm_source=generator&amp;theme=0\" width=\"100%\" height=\"152\" frameborder=\"0\" allowfullscreen=\"allowfullscreen\"><\/iframe><\/p>\n","protected":false},"excerpt":{"rendered":"<p>Ele \u00e9 a cabe\u00e7a do corpo, da igreja. Ele \u00e9 o princ\u00edpio, o primog\u00eanito de entre os mortos, para que em todas as coisas ter a primazia. [Colossenses 1.18] Cristo deve ter sempre o primeiro lugar na nossa vida. Ele tem a primazia em tudo. No entanto, alguns querem Cristo, mas n\u00e3o querem a sua [&hellip;]<\/p>\n","protected":false},"author":21,"featured_media":162,"comment_status":"open","ping_status":"open","sticky":false,"template":"","format":"standard","meta":{"ngg_post_thumbnail":0,"footnotes":""},"categories":[46053],"tags":[],"class_list":["post-10276","post","type-post","status-publish","format-standard","has-post-thumbnail","hentry","category-luiz-araujo"],"publishpress_future_action":{"enabled":false,"date":"2026-05-04 19:24:53","action":"change-status","newStatus":"draft","terms":[],"taxonomy":"category","extraData":[]},"publishpress_future_workflow_manual_trigger":{"enabledWorkflows":[]},"_links":{"self":[{"href":"https:\/\/ultimato.com.br\/sites\/devocional-diaria\/wp-json\/wp\/v2\/posts\/10276","targetHints":{"allow":["GET"]}}],"collection":[{"href":"https:\/\/ultimato.com.br\/sites\/devocional-diaria\/wp-json\/wp\/v2\/posts"}],"about":[{"href":"https:\/\/ultimato.com.br\/sites\/devocional-diaria\/wp-json\/wp\/v2\/types\/post"}],"author":[{"embeddable":true,"href":"https:\/\/ultimato.com.br\/sites\/devocional-diaria\/wp-json\/wp\/v2\/users\/21"}],"replies":[{"embeddable":true,"href":"https:\/\/ultimato.com.br\/sites\/devocional-diaria\/wp-json\/wp\/v2\/comments?post=10276"}],"version-history":[{"count":1,"href":"https:\/\/ultimato.com.br\/sites\/devocional-diaria\/wp-json\/wp\/v2\/posts\/10276\/revisions"}],"predecessor-version":[{"id":10277,"href":"https:\/\/ultimato.com.br\/sites\/devocional-diaria\/wp-json\/wp\/v2\/posts\/10276\/revisions\/10277"}],"wp:featuredmedia":[{"embeddable":true,"href":"https:\/\/ultimato.com.br\/sites\/devocional-diaria\/wp-json\/wp\/v2\/media\/162"}],"wp:attachment":[{"href":"https:\/\/ultimato.com.br\/sites\/devocional-diaria\/wp-json\/wp\/v2\/media?parent=10276"}],"wp:term":[{"taxonomy":"category","embeddable":true,"href":"https:\/\/ultimato.com.br\/sites\/devocional-diaria\/wp-json\/wp\/v2\/categories?post=10276"},{"taxonomy":"post_tag","embeddable":true,"href":"https:\/\/ultimato.com.br\/sites\/devocional-diaria\/wp-json\/wp\/v2\/tags?post=10276"}],"curies":[{"name":"wp","href":"https:\/\/api.w.org\/{rel}","templated":true}]}}