{"id":10274,"date":"2023-02-22T00:00:33","date_gmt":"2023-02-22T02:00:33","guid":{"rendered":"https:\/\/ultimato.com.br\/sites\/devocional-diaria\/?p=10274"},"modified":"2023-02-13T17:47:02","modified_gmt":"2023-02-13T19:47:02","slug":"os-bloqueios-do-espirito-4","status":"publish","type":"post","link":"https:\/\/ultimato.com.br\/sites\/devocional-diaria\/2023\/02\/22\/autor\/elben-cesar\/os-bloqueios-do-espirito-4\/","title":{"rendered":"Os bloqueios do Esp\u00edrito"},"content":{"rendered":"<p>Tentaram ir para a prov\u00edncia da Bit\u00ednia, mas o Esp\u00edrito de Jesus n\u00e3o deixou. (At 16.7)<\/p>\n<p>O crente comum, o pastor de ovelhas e o mission\u00e1rio transcultural, todos precisam dar abertura ao Esp\u00edrito, para que ele os leve para onde devem ir. A vis\u00e3o do Esp\u00edrito \u00e9 panor\u00e2mica, tanto no sentido da geografia como no sentido da hist\u00f3ria. Ele v\u00ea de cima, ele v\u00ea tudo, ele v\u00ea o presente e o futuro. Ele tem agenda, tem estrat\u00e9gia, tem prioridades. Ele tem o direito de comandar, de dar ordens, mesmo que estas sejam estranhas, como a orienta\u00e7\u00e3o dada a Filipe, para deixar Samaria e ir para um lugar deserto (8.26).<\/p>\n<p>Os servos do Senhor precisam ser sens\u00edveis para ouvir a voz dele ou para\u00a0sentir os empurr\u00f5es que ele d\u00e1, como est\u00e1 escrito: \u201cSe voc\u00eas desviarem do\u00a0caminho, indo para a direita ou para a esquerda, ouvir\u00e3o atr\u00e1s de voc\u00eas uma\u00a0voz dizendo: \u2018Este \u00e9 o caminho certo; andem por ele\u2019\u201d (Is 30.21, NBV). Paulo e\u00a0seus dois filhos na f\u00e9 tentaram ir para o sudeste da \u00c1sia, mas o caminho para\u00a0l\u00e1 estava fora dos planos do Senhor da Seara, pelo menos naquela ocasi\u00e3o.\u00a0O caminho estava fechado pelo Esp\u00edrito de Jesus. Ou, em outras palavras,\u00a0o Esp\u00edrito os proibia de ir para aquela dire\u00e7\u00e3o. N\u00e3o se fala como o Esp\u00edrito\u00a0fez isso. Ent\u00e3o, os tr\u00eas mission\u00e1rios fizeram outra tentativa, viraram-se para\u00a0a Bit\u00ednia, ao norte. O mesmo Esp\u00edrito voltou a bloquear o caminho. Em\u00a0vista disso, eles atravessaram a M\u00edsia e chegaram \u00e0 cidade de Tr\u00f4ade, uma\u00a0importante cidade mar\u00edtima, o ponto da \u00c1sia Menor mais pr\u00f3ximo da Europa.\u00a0Ent\u00e3o foram dormir. E, durante a noite, Paulo viu um grego que lhe\u00a0dizia: \u201cVenha para a Maced\u00f4nia e nos ajude\u201d (16.9).<strong>\u00a0<\/strong><\/p>\n<p><strong>\u00a0<\/strong><\/p>\n<p><strong>&gt;&gt; Retirado de\u00a0<em><a href=\"https:\/\/www.ultimato.com.br\/loja\/produtos\/refeicoes-diarias\">Refei\u00e7\u00f5es Di\u00e1rias \u2013 no partir do p\u00e3o e na ora\u00e7\u00e3o<\/a><\/em> [Elben C\u00e9sar]. <\/strong><strong>Editora Ultimato.<\/strong><strong>\u00a0<\/strong><\/p>\n<p>Ou\u00e7a e compartilhe nossas devocionais pelo <a href=\"https:\/\/open.spotify.com\/show\/7CG8DL9dgWZEgPzX3rnk51?si=1dbGejI2TQS16eamNjb2rA\">Spotify<\/a>!<\/p>\n<p><iframe loading=\"lazy\" style=\"border-radius: 12px;\" src=\"https:\/\/open.spotify.com\/embed\/show\/7CG8DL9dgWZEgPzX3rnk51?utm_source=generator&amp;theme=0\" width=\"100%\" height=\"152\" frameborder=\"0\" allowfullscreen=\"allowfullscreen\"><\/iframe><\/p>\n","protected":false},"excerpt":{"rendered":"<p>Tentaram ir para a prov\u00edncia da Bit\u00ednia, mas o Esp\u00edrito de Jesus n\u00e3o deixou. (At 16.7) O crente comum, o pastor de ovelhas e o mission\u00e1rio transcultural, todos precisam dar abertura ao Esp\u00edrito, para que ele os leve para onde devem ir. A vis\u00e3o do Esp\u00edrito \u00e9 panor\u00e2mica, tanto no sentido da geografia como no [&hellip;]<\/p>\n","protected":false},"author":21,"featured_media":163,"comment_status":"open","ping_status":"open","sticky":false,"template":"","format":"standard","meta":{"ngg_post_thumbnail":0,"footnotes":""},"categories":[5478],"tags":[],"class_list":["post-10274","post","type-post","status-publish","format-standard","has-post-thumbnail","hentry","category-elben-cesar"],"publishpress_future_action":{"enabled":false,"date":"2026-05-04 20:43:02","action":"change-status","newStatus":"draft","terms":[],"taxonomy":"category","extraData":[]},"publishpress_future_workflow_manual_trigger":{"enabledWorkflows":[]},"_links":{"self":[{"href":"https:\/\/ultimato.com.br\/sites\/devocional-diaria\/wp-json\/wp\/v2\/posts\/10274","targetHints":{"allow":["GET"]}}],"collection":[{"href":"https:\/\/ultimato.com.br\/sites\/devocional-diaria\/wp-json\/wp\/v2\/posts"}],"about":[{"href":"https:\/\/ultimato.com.br\/sites\/devocional-diaria\/wp-json\/wp\/v2\/types\/post"}],"author":[{"embeddable":true,"href":"https:\/\/ultimato.com.br\/sites\/devocional-diaria\/wp-json\/wp\/v2\/users\/21"}],"replies":[{"embeddable":true,"href":"https:\/\/ultimato.com.br\/sites\/devocional-diaria\/wp-json\/wp\/v2\/comments?post=10274"}],"version-history":[{"count":1,"href":"https:\/\/ultimato.com.br\/sites\/devocional-diaria\/wp-json\/wp\/v2\/posts\/10274\/revisions"}],"predecessor-version":[{"id":10275,"href":"https:\/\/ultimato.com.br\/sites\/devocional-diaria\/wp-json\/wp\/v2\/posts\/10274\/revisions\/10275"}],"wp:featuredmedia":[{"embeddable":true,"href":"https:\/\/ultimato.com.br\/sites\/devocional-diaria\/wp-json\/wp\/v2\/media\/163"}],"wp:attachment":[{"href":"https:\/\/ultimato.com.br\/sites\/devocional-diaria\/wp-json\/wp\/v2\/media?parent=10274"}],"wp:term":[{"taxonomy":"category","embeddable":true,"href":"https:\/\/ultimato.com.br\/sites\/devocional-diaria\/wp-json\/wp\/v2\/categories?post=10274"},{"taxonomy":"post_tag","embeddable":true,"href":"https:\/\/ultimato.com.br\/sites\/devocional-diaria\/wp-json\/wp\/v2\/tags?post=10274"}],"curies":[{"name":"wp","href":"https:\/\/api.w.org\/{rel}","templated":true}]}}