{"id":10272,"date":"2023-02-21T00:00:33","date_gmt":"2023-02-21T02:00:33","guid":{"rendered":"https:\/\/ultimato.com.br\/sites\/devocional-diaria\/?p=10272"},"modified":"2023-02-13T17:44:30","modified_gmt":"2023-02-13T19:44:30","slug":"tem-compaixao-de-mim-5","status":"publish","type":"post","link":"https:\/\/ultimato.com.br\/sites\/devocional-diaria\/2023\/02\/21\/autor\/elben-cesar\/tem-compaixao-de-mim-5\/","title":{"rendered":"Tem compaix\u00e3o de mim!\u00a0"},"content":{"rendered":"<p>Olha para mim e me ajuda! Estou sozinho diante de um terr\u00edvel problema.\u00a0(Sl 25.16)<\/p>\n<p>Quantas vezes voc\u00ea j\u00e1 dirigiu estas palavras a Deus em sua vida? Sabe, as\u00a0pessoas bem-sucedidas costumam fazer esta ora\u00e7\u00e3o. Ningu\u00e9m pode passar por\u00a0este mundo sem clamar de vez em quando: \u201cTem compaix\u00e3o de mim, Senhor!\u201d.<\/p>\n<p>Foi essa ora\u00e7\u00e3o curta que devolveu a vista ao cego de Jeric\u00f3. Embora\u00a0repreendido e pressionado pelos outros a se calar, ele cada vez gritava mais:\u00a0\u201cFilho de Davi, tem miseric\u00f3rdia de mim!\u201d (Lc 18.39). Foram estas palavras\u00a0que trouxeram perd\u00e3o para o publicano e o fizeram descer justificado para\u00a0sua casa (Lc 18.13).<\/p>\n<p>N\u00e3o se acanhe de pedir a Deus que derrame sobre voc\u00ea a sua compaix\u00e3o.\u00a0Voc\u00ea precisa dela. N\u00e3o seja orgulhoso. Declare a sua ang\u00fastia diante de Deus\u00a0com ousadia. Pe\u00e7a socorro! Que mais voc\u00ea pode fazer em certas situa\u00e7\u00f5es de\u00a0extrema press\u00e3o e de grande perigo, se n\u00e3o gritar: \u201cTem compaix\u00e3o de mim!\u201d.<\/p>\n<p>E os salmos est\u00e3o cheios deste tipo de s\u00faplica: \u201cTem compaix\u00e3o de mim,\u00a0Senhor, porque eu me sinto debilitado\u201d (6.2), \u201cVolta-te para mim e tem\u00a0compaix\u00e3o, porque estou sozinho e aflito\u201d (25.16), \u201cTem miseric\u00f3rdia de\u00a0mim, \u00f3 Senhor, porque o homem procura ferir-me\u201d (56.1), \u201cTem miseric\u00f3rdia\u00a0de n\u00f3s, Senhor, pois estamos sobremodo fartos de desprezo\u201d (123.3).<\/p>\n<p>Como voc\u00ea pode ver as passagens acima, s\u00e3o muitas as raz\u00f5es que podem\u00a0lev\u00e1-lo a pedir a compaix\u00e3o de Deus.<\/p>\n<p>Se voc\u00ea quer viver e viver altaneiramente, aprenda a depender da miseric\u00f3rdia\u00a0divina e a fazer esta humilde ora\u00e7\u00e3o: \u201cBaixem sobre mim as tuas\u00a0miseric\u00f3rdias, para que eu viva!\u201d (Sl 119.77).<\/p>\n<p><strong>\u00a0<\/strong><\/p>\n<p><strong>&gt;&gt; Retirado de\u00a0<em><a href=\"https:\/\/www.ultimato.com.br\/loja\/produtos\/cuide-das-raizes-espere-pelos-frutos\">Cuide das Ra\u00edzes, Espere pelos Frutos<\/a><\/em>, [Elben C\u00e9sar]. <\/strong><strong>Editora Ultimato.<\/strong><\/p>\n<p>Ou\u00e7a e compartilhe nossas devocionais pelo <a href=\"https:\/\/open.spotify.com\/show\/7CG8DL9dgWZEgPzX3rnk51?si=1dbGejI2TQS16eamNjb2rA\">Spotify<\/a>!<\/p>\n<p><iframe loading=\"lazy\" style=\"border-radius: 12px;\" src=\"https:\/\/open.spotify.com\/embed\/show\/7CG8DL9dgWZEgPzX3rnk51?utm_source=generator&amp;theme=0\" width=\"100%\" height=\"152\" frameborder=\"0\" allowfullscreen=\"allowfullscreen\"><\/iframe><\/p>\n","protected":false},"excerpt":{"rendered":"<p>Olha para mim e me ajuda! Estou sozinho diante de um terr\u00edvel problema.\u00a0(Sl 25.16) Quantas vezes voc\u00ea j\u00e1 dirigiu estas palavras a Deus em sua vida? Sabe, as\u00a0pessoas bem-sucedidas costumam fazer esta ora\u00e7\u00e3o. Ningu\u00e9m pode passar por\u00a0este mundo sem clamar de vez em quando: \u201cTem compaix\u00e3o de mim, Senhor!\u201d. Foi essa ora\u00e7\u00e3o curta que devolveu [&hellip;]<\/p>\n","protected":false},"author":21,"featured_media":164,"comment_status":"open","ping_status":"open","sticky":false,"template":"","format":"standard","meta":{"ngg_post_thumbnail":0,"footnotes":""},"categories":[5478],"tags":[],"class_list":["post-10272","post","type-post","status-publish","format-standard","has-post-thumbnail","hentry","category-elben-cesar"],"publishpress_future_action":{"enabled":false,"date":"2026-05-04 19:24:54","action":"change-status","newStatus":"draft","terms":[],"taxonomy":"category","extraData":[]},"publishpress_future_workflow_manual_trigger":{"enabledWorkflows":[]},"_links":{"self":[{"href":"https:\/\/ultimato.com.br\/sites\/devocional-diaria\/wp-json\/wp\/v2\/posts\/10272","targetHints":{"allow":["GET"]}}],"collection":[{"href":"https:\/\/ultimato.com.br\/sites\/devocional-diaria\/wp-json\/wp\/v2\/posts"}],"about":[{"href":"https:\/\/ultimato.com.br\/sites\/devocional-diaria\/wp-json\/wp\/v2\/types\/post"}],"author":[{"embeddable":true,"href":"https:\/\/ultimato.com.br\/sites\/devocional-diaria\/wp-json\/wp\/v2\/users\/21"}],"replies":[{"embeddable":true,"href":"https:\/\/ultimato.com.br\/sites\/devocional-diaria\/wp-json\/wp\/v2\/comments?post=10272"}],"version-history":[{"count":1,"href":"https:\/\/ultimato.com.br\/sites\/devocional-diaria\/wp-json\/wp\/v2\/posts\/10272\/revisions"}],"predecessor-version":[{"id":10273,"href":"https:\/\/ultimato.com.br\/sites\/devocional-diaria\/wp-json\/wp\/v2\/posts\/10272\/revisions\/10273"}],"wp:featuredmedia":[{"embeddable":true,"href":"https:\/\/ultimato.com.br\/sites\/devocional-diaria\/wp-json\/wp\/v2\/media\/164"}],"wp:attachment":[{"href":"https:\/\/ultimato.com.br\/sites\/devocional-diaria\/wp-json\/wp\/v2\/media?parent=10272"}],"wp:term":[{"taxonomy":"category","embeddable":true,"href":"https:\/\/ultimato.com.br\/sites\/devocional-diaria\/wp-json\/wp\/v2\/categories?post=10272"},{"taxonomy":"post_tag","embeddable":true,"href":"https:\/\/ultimato.com.br\/sites\/devocional-diaria\/wp-json\/wp\/v2\/tags?post=10272"}],"curies":[{"name":"wp","href":"https:\/\/api.w.org\/{rel}","templated":true}]}}