{"id":10270,"date":"2023-02-20T00:00:54","date_gmt":"2023-02-20T02:00:54","guid":{"rendered":"https:\/\/ultimato.com.br\/sites\/devocional-diaria\/?p=10270"},"modified":"2023-02-13T17:42:30","modified_gmt":"2023-02-13T19:42:30","slug":"nao-se-esqueca-da-recompensa","status":"publish","type":"post","link":"https:\/\/ultimato.com.br\/sites\/devocional-diaria\/2023\/02\/20\/autor\/elben-cesar\/nao-se-esqueca-da-recompensa\/","title":{"rendered":"N\u00e3o se esque\u00e7a da recompensa\u00a0"},"content":{"rendered":"<p>Tudo o que fizerem, fa\u00e7am de todo o cora\u00e7\u00e3o, como para o Senhor, e n\u00e3o para os homens, sabendo que receber\u00e3o do Senhor a recompensa da heran\u00e7a. (Colossenses 3.23-24, NVI)<\/p>\n<p>Qualquer ren\u00fancia do pecado em favor da santidade, qualquer gesto de amor em favor dos pobres, qualquer diminui\u00e7\u00e3o de sua import\u00e2ncia em favor da import\u00e2ncia do outro, qualquer sacrif\u00edcio pessoal em favor do reino do meu Pai \u2014 ser\u00e3o sobejamente recompensados.<\/p>\n<p>Voc\u00ea precisa saber que h\u00e1 recompensa a curto prazo e recompensa a longo prazo. Algumas recompensas de curto prazo s\u00e3o f\u00e1ceis de en\u00adxergar, o que nem sempre acontece com outras recompensas. O fato de voc\u00ea n\u00e3o ter a pesada m\u00e3o do Senhor empurrando seu pesco\u00e7o para dentro do tronco por causa de algum pecado cometido e ainda n\u00e3o confessado \u00e9 um dos muitos exemplos (Sl 32.1-5).<\/p>\n<p>No entanto, essas recompensas dispensadas no tempo presente n\u00e3o podem ser comparadas com as recompensas a serem dispensadas na plenitude da salva\u00e7\u00e3o. Elas est\u00e3o al\u00e9m da imagina\u00e7\u00e3o. N\u00e3o se esque\u00e7a de que o Pai de voc\u00eas \u00e9 capaz de fazer muito mais do que voc\u00eas pedem e pensam (Ef 3.20). Mesmo aprovando o que voc\u00ea faz de positivo, socieda\u00adde alguma \u00e9 capaz de recompens\u00e1-lo \u00e0 altura, mas \u201ca sua recompensa vir\u00e1 na ressurrei\u00e7\u00e3o dos mortos\u201d (Lc 14.14).<\/p>\n<p>\u2014 N\u00e3o considero errado olhar para a recompensa futura, que Jesus mesmo promete!<strong>\u00a0<\/strong><\/p>\n<p><strong>\u00a0<\/strong><\/p>\n<p><strong>&gt;&gt; Retirado de\u00a0<em><a href=\"https:\/\/www.ultimato.com.br\/loja\/produtos\/refeicoes-diarias-com-jesus\">Refei\u00e7\u00f5es Di\u00e1rias com Jesus<\/a><\/em> [Elben C\u00e9sar]. <\/strong><strong>Editora Ultimato.<\/strong><\/p>\n<p>Ou\u00e7a e compartilhe nossas devocionais pelo <a href=\"https:\/\/open.spotify.com\/show\/7CG8DL9dgWZEgPzX3rnk51?si=1dbGejI2TQS16eamNjb2rA\">Spotify<\/a>!<\/p>\n<p><iframe loading=\"lazy\" style=\"border-radius: 12px;\" src=\"https:\/\/open.spotify.com\/embed\/show\/7CG8DL9dgWZEgPzX3rnk51?utm_source=generator&amp;theme=0\" width=\"100%\" height=\"152\" frameborder=\"0\" allowfullscreen=\"allowfullscreen\"><\/iframe><\/p>\n","protected":false},"excerpt":{"rendered":"<p>Tudo o que fizerem, fa\u00e7am de todo o cora\u00e7\u00e3o, como para o Senhor, e n\u00e3o para os homens, sabendo que receber\u00e3o do Senhor a recompensa da heran\u00e7a. (Colossenses 3.23-24, NVI) Qualquer ren\u00fancia do pecado em favor da santidade, qualquer gesto de amor em favor dos pobres, qualquer diminui\u00e7\u00e3o de sua import\u00e2ncia em favor da import\u00e2ncia [&hellip;]<\/p>\n","protected":false},"author":21,"featured_media":165,"comment_status":"open","ping_status":"open","sticky":false,"template":"","format":"standard","meta":{"ngg_post_thumbnail":0,"footnotes":""},"categories":[5478],"tags":[],"class_list":["post-10270","post","type-post","status-publish","format-standard","has-post-thumbnail","hentry","category-elben-cesar"],"publishpress_future_action":{"enabled":false,"date":"2026-05-04 18:03:30","action":"change-status","newStatus":"draft","terms":[],"taxonomy":"category","extraData":[]},"publishpress_future_workflow_manual_trigger":{"enabledWorkflows":[]},"_links":{"self":[{"href":"https:\/\/ultimato.com.br\/sites\/devocional-diaria\/wp-json\/wp\/v2\/posts\/10270","targetHints":{"allow":["GET"]}}],"collection":[{"href":"https:\/\/ultimato.com.br\/sites\/devocional-diaria\/wp-json\/wp\/v2\/posts"}],"about":[{"href":"https:\/\/ultimato.com.br\/sites\/devocional-diaria\/wp-json\/wp\/v2\/types\/post"}],"author":[{"embeddable":true,"href":"https:\/\/ultimato.com.br\/sites\/devocional-diaria\/wp-json\/wp\/v2\/users\/21"}],"replies":[{"embeddable":true,"href":"https:\/\/ultimato.com.br\/sites\/devocional-diaria\/wp-json\/wp\/v2\/comments?post=10270"}],"version-history":[{"count":1,"href":"https:\/\/ultimato.com.br\/sites\/devocional-diaria\/wp-json\/wp\/v2\/posts\/10270\/revisions"}],"predecessor-version":[{"id":10271,"href":"https:\/\/ultimato.com.br\/sites\/devocional-diaria\/wp-json\/wp\/v2\/posts\/10270\/revisions\/10271"}],"wp:featuredmedia":[{"embeddable":true,"href":"https:\/\/ultimato.com.br\/sites\/devocional-diaria\/wp-json\/wp\/v2\/media\/165"}],"wp:attachment":[{"href":"https:\/\/ultimato.com.br\/sites\/devocional-diaria\/wp-json\/wp\/v2\/media?parent=10270"}],"wp:term":[{"taxonomy":"category","embeddable":true,"href":"https:\/\/ultimato.com.br\/sites\/devocional-diaria\/wp-json\/wp\/v2\/categories?post=10270"},{"taxonomy":"post_tag","embeddable":true,"href":"https:\/\/ultimato.com.br\/sites\/devocional-diaria\/wp-json\/wp\/v2\/tags?post=10270"}],"curies":[{"name":"wp","href":"https:\/\/api.w.org\/{rel}","templated":true}]}}