{"id":10268,"date":"2023-02-19T00:00:58","date_gmt":"2023-02-19T02:00:58","guid":{"rendered":"https:\/\/ultimato.com.br\/sites\/devocional-diaria\/?p=10268"},"modified":"2023-02-13T17:39:49","modified_gmt":"2023-02-13T19:39:49","slug":"a-questao-do-sofrimento-imerecido-4","status":"publish","type":"post","link":"https:\/\/ultimato.com.br\/sites\/devocional-diaria\/2023\/02\/19\/autor\/stanley-jones\/a-questao-do-sofrimento-imerecido-4\/","title":{"rendered":"A quest\u00e3o do sofrimento imerecido\u00a0"},"content":{"rendered":"<p>1 Pedro 4.12-19<\/p>\n<p>Est\u00e1vamos considerando disciplinas que pod\u00edamos escolher, algo\u00a0que impomos a n\u00f3s mesmos. Mas o que dizer das disciplinas que n\u00e3o escolhemos,\u00a0situa\u00e7\u00f5es que somos compelidos a suportar sem que sejam nossas escolhas?<\/p>\n<p>Um amigo muito perspicaz, depois de ouvir a mensagem sobre o Caminho \u2013 de\u00a0como ele se adapta \u00e0 vida e de como a vida se adapta a ele \u2013, disse: \u201cA mensagem\u00a0do Caminho \u00e9 muito clara. O que dizer das trag\u00e9dias da vida, quando a vida n\u00e3o\u00a0parece ser t\u00e3o clara?\u201d. Ele fez bem em chamar nossa aten\u00e7\u00e3o para isso. Nossas\u00a0respostas n\u00e3o podem ser muito claras, pois a vida n\u00e3o o \u00e9. Voc\u00ea se depara com\u00a0uma terr\u00edvel trag\u00e9dia que n\u00e3o faz sentido, que n\u00e3o parece razo\u00e1vel.<\/p>\n<p>Aqui est\u00e1 uma resposta ou caminho: n\u00e3o reconhecer nada como mau. Enfrentar\u00a0o sofrimento, a dor e a cat\u00e1strofe com uma barragem de afirma\u00e7\u00f5es mentais do\u00a0bem. Esse m\u00e9todo tem uma grande verdade. \u00c9 melhor do que afirmar que o mal \u00e9\u00a0mal e que o sofrimento \u00e9 sofrimento e deixar que seja assim. Voc\u00ea pode se livrar de\u00a0uma boa dose de sofrimento e de mal simplesmente reconhecendo-os como \u201cuma\u00a0boa dose\u201d, mas n\u00e3o o todo. E o res\u00edduo que n\u00e3o pode ser reconhecido \u00e9 justamente\u00a0a rocha sobre a qual muitos perecem, f\u00edsica e espiritualmente. O Caminho deve\u00a0ser capaz de responder a tudo, incluindo a esse res\u00edduo. Ele \u00e9 capaz?<\/p>\n<p>Sim, pois o Caminho nunca pede que voc\u00ea reconhe\u00e7a todo mal. Voc\u00ea pode\u00a0reconhecer um grande n\u00famero de males f\u00edsicos e espirituais enraizados em atitudes\u00a0mentais erradas, mas existem doen\u00e7as estruturais que s\u00e3o fatos, e nenhuma\u00a0sugest\u00e3o mental pode mud\u00e1-los. As doen\u00e7as funcionais podem ser eliminadas pelo\u00a0reconhecimento, mas as doen\u00e7as estruturais s\u00f3 podem ser atenuadas.<\/p>\n<p>Qual \u00e9, ent\u00e3o, a resposta do Caminho? Esta: Deus deseja curar todas as doen\u00e7as\u00a0\u2013 elas n\u00e3o s\u00e3o a vontade dele. Deus cura por meio da cirurgia, da medicina, do\u00a0clima, da sugest\u00e3o mental, da liberta\u00e7\u00e3o de atitudes mentais que produzem doen\u00e7as,\u00a0da a\u00e7\u00e3o direta do Esp\u00edrito em nosso corpo e da cura final \u2013 a ressurrei\u00e7\u00e3o.<\/p>\n<p><em>\u00d3 Cristo, eu sei que a doen\u00e7a e o mal n\u00e3o s\u00e3o a tua vontade. Eles n\u00e3o se encaixam no\u00a0teu reino. N\u00e3o podem fazer parte do teu prop\u00f3sito final. Mostra-me o Caminho para\u00a0super\u00e1-los. Am\u00e9m.\u00a0<\/em><\/p>\n<p>Afirma\u00e7\u00e3o do dia: \u201cAinda que eu passe por ang\u00fastias, tu me preservas a vida\u201d\u00a0(Sl 138.7).<\/p>\n<p><strong>\u00a0<\/strong><\/p>\n<p><strong>&gt;&gt; Retirado de\u00a0<em><a href=\"https:\/\/www.ultimato.com.br\/loja\/produtos\/o-caminho\">O Caminho<\/a><\/em> [Stanley Jones]. Editora Ultimato.<\/strong><\/p>\n<p>Ou\u00e7a e compartilhe nossas devocionais pelo <a href=\"https:\/\/open.spotify.com\/show\/7CG8DL9dgWZEgPzX3rnk51?si=1dbGejI2TQS16eamNjb2rA\">Spotify<\/a>!<\/p>\n","protected":false},"excerpt":{"rendered":"<p>1 Pedro 4.12-19 Est\u00e1vamos considerando disciplinas que pod\u00edamos escolher, algo\u00a0que impomos a n\u00f3s mesmos. Mas o que dizer das disciplinas que n\u00e3o escolhemos,\u00a0situa\u00e7\u00f5es que somos compelidos a suportar sem que sejam nossas escolhas? Um amigo muito perspicaz, depois de ouvir a mensagem sobre o Caminho \u2013 de\u00a0como ele se adapta \u00e0 vida e de como [&hellip;]<\/p>\n","protected":false},"author":21,"featured_media":166,"comment_status":"open","ping_status":"open","sticky":false,"template":"","format":"standard","meta":{"ngg_post_thumbnail":0,"footnotes":""},"categories":[40852],"tags":[],"class_list":["post-10268","post","type-post","status-publish","format-standard","has-post-thumbnail","hentry","category-stanley-jones"],"publishpress_future_action":{"enabled":false,"date":"2026-05-04 16:30:37","action":"change-status","newStatus":"draft","terms":[],"taxonomy":"category","extraData":[]},"publishpress_future_workflow_manual_trigger":{"enabledWorkflows":[]},"_links":{"self":[{"href":"https:\/\/ultimato.com.br\/sites\/devocional-diaria\/wp-json\/wp\/v2\/posts\/10268","targetHints":{"allow":["GET"]}}],"collection":[{"href":"https:\/\/ultimato.com.br\/sites\/devocional-diaria\/wp-json\/wp\/v2\/posts"}],"about":[{"href":"https:\/\/ultimato.com.br\/sites\/devocional-diaria\/wp-json\/wp\/v2\/types\/post"}],"author":[{"embeddable":true,"href":"https:\/\/ultimato.com.br\/sites\/devocional-diaria\/wp-json\/wp\/v2\/users\/21"}],"replies":[{"embeddable":true,"href":"https:\/\/ultimato.com.br\/sites\/devocional-diaria\/wp-json\/wp\/v2\/comments?post=10268"}],"version-history":[{"count":1,"href":"https:\/\/ultimato.com.br\/sites\/devocional-diaria\/wp-json\/wp\/v2\/posts\/10268\/revisions"}],"predecessor-version":[{"id":10269,"href":"https:\/\/ultimato.com.br\/sites\/devocional-diaria\/wp-json\/wp\/v2\/posts\/10268\/revisions\/10269"}],"wp:featuredmedia":[{"embeddable":true,"href":"https:\/\/ultimato.com.br\/sites\/devocional-diaria\/wp-json\/wp\/v2\/media\/166"}],"wp:attachment":[{"href":"https:\/\/ultimato.com.br\/sites\/devocional-diaria\/wp-json\/wp\/v2\/media?parent=10268"}],"wp:term":[{"taxonomy":"category","embeddable":true,"href":"https:\/\/ultimato.com.br\/sites\/devocional-diaria\/wp-json\/wp\/v2\/categories?post=10268"},{"taxonomy":"post_tag","embeddable":true,"href":"https:\/\/ultimato.com.br\/sites\/devocional-diaria\/wp-json\/wp\/v2\/tags?post=10268"}],"curies":[{"name":"wp","href":"https:\/\/api.w.org\/{rel}","templated":true}]}}