{"id":10264,"date":"2023-02-17T00:00:22","date_gmt":"2023-02-17T02:00:22","guid":{"rendered":"https:\/\/ultimato.com.br\/sites\/devocional-diaria\/?p=10264"},"modified":"2023-02-13T17:33:37","modified_gmt":"2023-02-13T19:33:37","slug":"a-arte-de-amar-e-deixar-de-amar-3","status":"publish","type":"post","link":"https:\/\/ultimato.com.br\/sites\/devocional-diaria\/2023\/02\/17\/autor\/elben-cesar\/a-arte-de-amar-e-deixar-de-amar-3\/","title":{"rendered":"A arte de amar e deixar de amar"},"content":{"rendered":"<p>N\u00e3o amem o mundo, nem as coisas que h\u00e1 nele. Se voc\u00eas amam o mundo, n\u00e3o amam a Deus, o Pai. (1Jo 2.15)<\/p>\n<p>A capacidade de amar deve estar sob controle. O fato \u00e9 que n\u00e3o dever\u00edamos amar algumas das coisas que amamos. Do mesmo modo, algumas coisas que n\u00e3o amamos deveriam ser amadas por n\u00f3s. O controle sobre o amor \u00e9 um exerc\u00edcio extremamente necess\u00e1rio (e dif\u00edcil), pois nunca ficamos sem amar. Amamos errado, mas amamos. N\u00e3o devemos amar o mundo e n\u00f3s o amamos. N\u00e3o devemos amar o dinheiro e n\u00f3s o amamos.<\/p>\n<p>N\u00e3o devemos amar as obras da carne e n\u00f3s as amamos. O homem n\u00e3o deve amar a mulher de outro, assim como a mulher n\u00e3o deve amar o marido de outra, mas isso acontece. N\u00e3o devemos amar o sup\u00e9rfluo e n\u00f3s amamos. Portanto, a palavra de Jo\u00e3o \u00e9 corajosa e oportuna: \u201cN\u00e3o ame o mundo, nem as coisas que h\u00e1 nele\u201d. Primeiro, porque se amamos o mundo, n\u00e3o amamos o Pai (o Pai e o mundo s\u00e3o completamente antag\u00f4nicos). Segundo, porque o que h\u00e1 no mundo n\u00e3o merece o nosso amor: \u201ca cobi\u00e7a sensual, a cobi\u00e7a do que se v\u00ea, o gabar-se da boa vida\u201d (1Jo 2.16, BP). Terceiro, porque o mundo passa com todas essas coisas m\u00e1s e n\u00f3s ficaremos sem nada.<\/p>\n<p>Essa capacidade de amar tem que ser usada positivamente. \u00c9 s\u00f3 virar o leme. Precisamos amar a Deus sobre todas as coisas, pois ele \u00e9 digno desse amor e esse amor nos faz bem. Precisamos amar o pr\u00f3ximo t\u00e3o intensamente quanto amamos a n\u00f3s mesmos, pois isso soluciona v\u00e1rios problemas e esse amor nos faz bem. Precisamos amar o inimigo, pois isso impede a pena do tali\u00e3o que nunca d\u00e1 certo, e impede o crime, impede a guerra, e esse amor nos faz bem.<\/p>\n<p>A quest\u00e3o toda \u00e9 saber o que n\u00e3o amar e o que amar!<\/p>\n<p>&gt;&gt; Retirado de <a href=\"https:\/\/www.ultimato.com.br\/loja\/produtos\/refeicoes-diarias-com-os-discipulos\">Refei\u00e7\u00f5es Di\u00e1rias com os Disc\u00edpulos<\/a> [Elben C\u00e9sar]. Editora Ultimato.<br \/>\nOu\u00e7a e compartilhe nossas devocionais pelo Spotify!<\/p>\n<p><iframe loading=\"lazy\" style=\"border-radius: 12px;\" src=\"https:\/\/open.spotify.com\/embed\/show\/7CG8DL9dgWZEgPzX3rnk51?utm_source=generator&amp;theme=0\" width=\"100%\" height=\"152\" frameborder=\"0\" allowfullscreen=\"allowfullscreen\"><\/iframe><\/p>\n","protected":false},"excerpt":{"rendered":"<p>N\u00e3o amem o mundo, nem as coisas que h\u00e1 nele. Se voc\u00eas amam o mundo, n\u00e3o amam a Deus, o Pai. (1Jo 2.15) A capacidade de amar deve estar sob controle. O fato \u00e9 que n\u00e3o dever\u00edamos amar algumas das coisas que amamos. Do mesmo modo, algumas coisas que n\u00e3o amamos deveriam ser amadas por [&hellip;]<\/p>\n","protected":false},"author":21,"featured_media":161,"comment_status":"open","ping_status":"open","sticky":false,"template":"","format":"standard","meta":{"ngg_post_thumbnail":0,"footnotes":""},"categories":[5478],"tags":[],"class_list":["post-10264","post","type-post","status-publish","format-standard","has-post-thumbnail","hentry","category-elben-cesar"],"publishpress_future_action":{"enabled":false,"date":"2026-05-04 19:24:14","action":"change-status","newStatus":"draft","terms":[],"taxonomy":"category","extraData":[]},"publishpress_future_workflow_manual_trigger":{"enabledWorkflows":[]},"_links":{"self":[{"href":"https:\/\/ultimato.com.br\/sites\/devocional-diaria\/wp-json\/wp\/v2\/posts\/10264","targetHints":{"allow":["GET"]}}],"collection":[{"href":"https:\/\/ultimato.com.br\/sites\/devocional-diaria\/wp-json\/wp\/v2\/posts"}],"about":[{"href":"https:\/\/ultimato.com.br\/sites\/devocional-diaria\/wp-json\/wp\/v2\/types\/post"}],"author":[{"embeddable":true,"href":"https:\/\/ultimato.com.br\/sites\/devocional-diaria\/wp-json\/wp\/v2\/users\/21"}],"replies":[{"embeddable":true,"href":"https:\/\/ultimato.com.br\/sites\/devocional-diaria\/wp-json\/wp\/v2\/comments?post=10264"}],"version-history":[{"count":1,"href":"https:\/\/ultimato.com.br\/sites\/devocional-diaria\/wp-json\/wp\/v2\/posts\/10264\/revisions"}],"predecessor-version":[{"id":10265,"href":"https:\/\/ultimato.com.br\/sites\/devocional-diaria\/wp-json\/wp\/v2\/posts\/10264\/revisions\/10265"}],"wp:featuredmedia":[{"embeddable":true,"href":"https:\/\/ultimato.com.br\/sites\/devocional-diaria\/wp-json\/wp\/v2\/media\/161"}],"wp:attachment":[{"href":"https:\/\/ultimato.com.br\/sites\/devocional-diaria\/wp-json\/wp\/v2\/media?parent=10264"}],"wp:term":[{"taxonomy":"category","embeddable":true,"href":"https:\/\/ultimato.com.br\/sites\/devocional-diaria\/wp-json\/wp\/v2\/categories?post=10264"},{"taxonomy":"post_tag","embeddable":true,"href":"https:\/\/ultimato.com.br\/sites\/devocional-diaria\/wp-json\/wp\/v2\/tags?post=10264"}],"curies":[{"name":"wp","href":"https:\/\/api.w.org\/{rel}","templated":true}]}}