{"id":10262,"date":"2023-02-16T00:00:16","date_gmt":"2023-02-16T02:00:16","guid":{"rendered":"https:\/\/ultimato.com.br\/sites\/devocional-diaria\/?p=10262"},"modified":"2023-02-13T17:30:17","modified_gmt":"2023-02-13T19:30:17","slug":"um-odre-cheio-de-furos","status":"publish","type":"post","link":"https:\/\/ultimato.com.br\/sites\/devocional-diaria\/2023\/02\/16\/autor\/elben-cesar\/um-odre-cheio-de-furos\/","title":{"rendered":"Um odre cheio de furos"},"content":{"rendered":"<p>Embora eu seja como uma vasilha in\u00fatil, n\u00e3o me esque\u00e7o dos teus decretos. (Sl 119.83)<\/p>\n<p>\u00c9 dif\u00edcil avaliar a humildade de uma pessoa. Algu\u00e9m pode parecer humilde e ser soberbo; algu\u00e9m pode parecer soberbo e ser humilde. A humildade \u00e9 uma virtude para Deus ver e n\u00e3o para o homem ver.<\/p>\n<p>Quem n\u00e3o conhece o evangelho nem a pessoa e o car\u00e1ter de Jesus Cristo, certamente, dir\u00e1 que o Salvador \u00e9 a pessoa mais soberba do mundo, por causa de algumas das suas declara\u00e7\u00f5es, especialmente esta: \u201cQuando for levantado da terra, atrairei todos a mim\u201d (Jo 12.32). S\u00f3 o fato de Jesus ter se permitido passar pela maldi\u00e7\u00e3o da cruz e pelo aguilh\u00e3o da morte por puro amor mostra a sua insuper\u00e1vel humildade.<\/p>\n<p>De igual modo, o salmista n\u00e3o \u00e9 soberbo quando declara que \u00e9 mais s\u00e1bio que os seus inimigos, tem mais discernimento que todos os seus mestres e possui mais entendimento que os anci\u00e3os (Sl 119.98-100). N\u00e3o \u00e9 presun\u00e7oso porque atribui essa supremacia \u00e0 poderosa influ\u00eancia da lei do Senhor: \u201cOs teus mandamentos me tornam mais s\u00e1bio que os meus inimigos\u201d.<\/p>\n<p>Uma pessoa cheia de si, exibida e vaidosa n\u00e3o conta a ningu\u00e9m e muito menos coloca num poema da sua pr\u00f3pria lavra uma revela\u00e7\u00e3o como esta: \u201cSou pequeno e desprezado\u201d (Sl 119.141). Jamais diria que \u00e9 como \u201cum odre exposto \u00e0 fuma\u00e7a\u201d (CNBB) ou \u201cum odre cheio de furos\u201d (NTLH) ou algu\u00e9m que est\u00e1 \u201cenrugado como um peda\u00e7o de couro deixado junto ao fogo\u201d (BV).<\/p>\n<p>&gt;&gt; Retirado de <a href=\"https:\/\/www.ultimato.com.br\/loja\/produtos\/um-ano-com-os-salmos\">Um Ano com os Salmos<\/a> [Elben C\u00e9sar]. Editora Ultimato.<br \/>\nOu\u00e7a e compartilhe nossas devocionais pelo Spotify!<\/p>\n<p><iframe loading=\"lazy\" style=\"border-radius: 12px;\" src=\"https:\/\/open.spotify.com\/embed\/show\/7CG8DL9dgWZEgPzX3rnk51?utm_source=generator&amp;theme=0\" width=\"100%\" height=\"152\" frameborder=\"0\" allowfullscreen=\"allowfullscreen\"><\/iframe><\/p>\n","protected":false},"excerpt":{"rendered":"<p>Embora eu seja como uma vasilha in\u00fatil, n\u00e3o me esque\u00e7o dos teus decretos. (Sl 119.83) \u00c9 dif\u00edcil avaliar a humildade de uma pessoa. Algu\u00e9m pode parecer humilde e ser soberbo; algu\u00e9m pode parecer soberbo e ser humilde. A humildade \u00e9 uma virtude para Deus ver e n\u00e3o para o homem ver. Quem n\u00e3o conhece o [&hellip;]<\/p>\n","protected":false},"author":21,"featured_media":162,"comment_status":"open","ping_status":"open","sticky":false,"template":"","format":"standard","meta":{"ngg_post_thumbnail":0,"footnotes":""},"categories":[5478],"tags":[],"class_list":["post-10262","post","type-post","status-publish","format-standard","has-post-thumbnail","hentry","category-elben-cesar"],"publishpress_future_action":{"enabled":false,"date":"2026-05-04 20:56:24","action":"change-status","newStatus":"draft","terms":[],"taxonomy":"category","extraData":[]},"publishpress_future_workflow_manual_trigger":{"enabledWorkflows":[]},"_links":{"self":[{"href":"https:\/\/ultimato.com.br\/sites\/devocional-diaria\/wp-json\/wp\/v2\/posts\/10262","targetHints":{"allow":["GET"]}}],"collection":[{"href":"https:\/\/ultimato.com.br\/sites\/devocional-diaria\/wp-json\/wp\/v2\/posts"}],"about":[{"href":"https:\/\/ultimato.com.br\/sites\/devocional-diaria\/wp-json\/wp\/v2\/types\/post"}],"author":[{"embeddable":true,"href":"https:\/\/ultimato.com.br\/sites\/devocional-diaria\/wp-json\/wp\/v2\/users\/21"}],"replies":[{"embeddable":true,"href":"https:\/\/ultimato.com.br\/sites\/devocional-diaria\/wp-json\/wp\/v2\/comments?post=10262"}],"version-history":[{"count":1,"href":"https:\/\/ultimato.com.br\/sites\/devocional-diaria\/wp-json\/wp\/v2\/posts\/10262\/revisions"}],"predecessor-version":[{"id":10263,"href":"https:\/\/ultimato.com.br\/sites\/devocional-diaria\/wp-json\/wp\/v2\/posts\/10262\/revisions\/10263"}],"wp:featuredmedia":[{"embeddable":true,"href":"https:\/\/ultimato.com.br\/sites\/devocional-diaria\/wp-json\/wp\/v2\/media\/162"}],"wp:attachment":[{"href":"https:\/\/ultimato.com.br\/sites\/devocional-diaria\/wp-json\/wp\/v2\/media?parent=10262"}],"wp:term":[{"taxonomy":"category","embeddable":true,"href":"https:\/\/ultimato.com.br\/sites\/devocional-diaria\/wp-json\/wp\/v2\/categories?post=10262"},{"taxonomy":"post_tag","embeddable":true,"href":"https:\/\/ultimato.com.br\/sites\/devocional-diaria\/wp-json\/wp\/v2\/tags?post=10262"}],"curies":[{"name":"wp","href":"https:\/\/api.w.org\/{rel}","templated":true}]}}