{"id":10256,"date":"2023-02-14T00:00:59","date_gmt":"2023-02-14T02:00:59","guid":{"rendered":"https:\/\/ultimato.com.br\/sites\/devocional-diaria\/?p=10256"},"modified":"2023-01-27T16:22:07","modified_gmt":"2023-01-27T18:22:07","slug":"acabou-a-separacao","status":"publish","type":"post","link":"https:\/\/ultimato.com.br\/sites\/devocional-diaria\/2023\/02\/14\/autor\/elben-cesar\/acabou-a-separacao\/","title":{"rendered":"Acabou a separa\u00e7\u00e3o"},"content":{"rendered":"<p>Como sacerdote, Cristo fez um sacrif\u00edcio \u00fanico pelos pecados, e tudo se\u00a0resolveu! (Hb 10.12)<\/p>\n<p>Ningu\u00e9m amou tanto quanto Jesus. \u00c9 ele mesmo quem o diz: \u201cNingu\u00e9m tem maior amor do que aquele que d\u00e1 a sua vida pelos seus amigos\u201d (Jo 15.13).<\/p>\n<p>Jesus n\u00e3o morreu por hero\u00edsmo. Morreu por causa de uma necessidade\u00a0imperiosa. Ele queria tornar o perd\u00e3o perfeitamente poss\u00edvel, sem abrandar\u00a0a gravidade do pecado e sem fazer mal \u00e0 santidade de Deus.<\/p>\n<p>Todos n\u00f3s and\u00e1vamos desgarrados como ovelhas, mas Deus fez cair sobre\u00a0Jesus a nossa iniquidade (Is 53.6). \u00c9 como explica o ap\u00f3stolo Paulo: \u201cEm\u00a0Cristo n\u00e3o havia pecado, mas Deus colocou sobre Cristo a culpa dos nossos\u00a0pecados\u201d (2Co 5.21).<\/p>\n<p>Ent\u00e3o Jesus foi castigado em nosso lugar. \u00c9 por esta raz\u00e3o que ele clamou\u00a0em alta voz por volta das tr\u00eas horas da tarde, pouco antes de morrer: \u201cDeus\u00a0meu, Deus meu, por que me desamparaste?\u201d (Mt 27.46). Ali na cruz, naquele\u00a0momento, Jesus \u201cestava suportando o horror da ira do ju\u00edzo de Deus sobre\u00a0o pecado\u201d.<\/p>\n<p>Logo em seguida \u00e0 morte de Jesus, a grossa cortina que separava o santu\u00e1rio\u00a0da saleta conhecida como Lugar Sant\u00edssimo ou Santo dos Santos\u00a0rompeu-se de alto a baixo. Aquilo significava que n\u00e3o havia mais separa\u00e7\u00e3o\u00a0entre o pecador e o Deus santo, gra\u00e7as a Jesus Cristo!<strong>\u00a0<\/strong><\/p>\n<p><strong>\u00a0<\/strong><\/p>\n<p><strong>&gt;&gt; Retirado de\u00a0<em><a href=\"https:\/\/www.ultimato.com.br\/loja\/produtos\/cuide-das-raizes-espere-pelos-frutos\">Cuide das Ra\u00edzes, Espere pelos Frutos<\/a><\/em>, [Elben C\u00e9sar]. <\/strong><strong>Editora Ultimato.<\/strong><\/p>\n<p>Ou\u00e7a e compartilhe nossas devocionais pelo <a href=\"https:\/\/open.spotify.com\/show\/7CG8DL9dgWZEgPzX3rnk51?si=1dbGejI2TQS16eamNjb2rA\">Spotify<\/a>!<\/p>\n<p><iframe loading=\"lazy\" style=\"border-radius: 12px;\" src=\"https:\/\/open.spotify.com\/embed\/show\/7CG8DL9dgWZEgPzX3rnk51?utm_source=generator&amp;theme=0\" width=\"100%\" height=\"152\" frameborder=\"0\" allowfullscreen=\"allowfullscreen\"><\/iframe><\/p>\n","protected":false},"excerpt":{"rendered":"<p>Como sacerdote, Cristo fez um sacrif\u00edcio \u00fanico pelos pecados, e tudo se\u00a0resolveu! (Hb 10.12) Ningu\u00e9m amou tanto quanto Jesus. \u00c9 ele mesmo quem o diz: \u201cNingu\u00e9m tem maior amor do que aquele que d\u00e1 a sua vida pelos seus amigos\u201d (Jo 15.13). Jesus n\u00e3o morreu por hero\u00edsmo. Morreu por causa de uma necessidade\u00a0imperiosa. Ele queria [&hellip;]<\/p>\n","protected":false},"author":21,"featured_media":164,"comment_status":"open","ping_status":"open","sticky":false,"template":"","format":"standard","meta":{"ngg_post_thumbnail":0,"footnotes":""},"categories":[5478],"tags":[],"class_list":["post-10256","post","type-post","status-publish","format-standard","has-post-thumbnail","hentry","category-elben-cesar"],"publishpress_future_action":{"enabled":false,"date":"2026-05-04 20:43:02","action":"change-status","newStatus":"draft","terms":[],"taxonomy":"category","extraData":[]},"publishpress_future_workflow_manual_trigger":{"enabledWorkflows":[]},"_links":{"self":[{"href":"https:\/\/ultimato.com.br\/sites\/devocional-diaria\/wp-json\/wp\/v2\/posts\/10256","targetHints":{"allow":["GET"]}}],"collection":[{"href":"https:\/\/ultimato.com.br\/sites\/devocional-diaria\/wp-json\/wp\/v2\/posts"}],"about":[{"href":"https:\/\/ultimato.com.br\/sites\/devocional-diaria\/wp-json\/wp\/v2\/types\/post"}],"author":[{"embeddable":true,"href":"https:\/\/ultimato.com.br\/sites\/devocional-diaria\/wp-json\/wp\/v2\/users\/21"}],"replies":[{"embeddable":true,"href":"https:\/\/ultimato.com.br\/sites\/devocional-diaria\/wp-json\/wp\/v2\/comments?post=10256"}],"version-history":[{"count":1,"href":"https:\/\/ultimato.com.br\/sites\/devocional-diaria\/wp-json\/wp\/v2\/posts\/10256\/revisions"}],"predecessor-version":[{"id":10257,"href":"https:\/\/ultimato.com.br\/sites\/devocional-diaria\/wp-json\/wp\/v2\/posts\/10256\/revisions\/10257"}],"wp:featuredmedia":[{"embeddable":true,"href":"https:\/\/ultimato.com.br\/sites\/devocional-diaria\/wp-json\/wp\/v2\/media\/164"}],"wp:attachment":[{"href":"https:\/\/ultimato.com.br\/sites\/devocional-diaria\/wp-json\/wp\/v2\/media?parent=10256"}],"wp:term":[{"taxonomy":"category","embeddable":true,"href":"https:\/\/ultimato.com.br\/sites\/devocional-diaria\/wp-json\/wp\/v2\/categories?post=10256"},{"taxonomy":"post_tag","embeddable":true,"href":"https:\/\/ultimato.com.br\/sites\/devocional-diaria\/wp-json\/wp\/v2\/tags?post=10256"}],"curies":[{"name":"wp","href":"https:\/\/api.w.org\/{rel}","templated":true}]}}