{"id":10252,"date":"2023-02-12T00:00:11","date_gmt":"2023-02-12T02:00:11","guid":{"rendered":"https:\/\/ultimato.com.br\/sites\/devocional-diaria\/?p=10252"},"modified":"2023-01-27T16:17:19","modified_gmt":"2023-01-27T18:17:19","slug":"o-espirito-de-unidade-3","status":"publish","type":"post","link":"https:\/\/ultimato.com.br\/sites\/devocional-diaria\/2023\/02\/12\/autor\/john-stott\/o-espirito-de-unidade-3\/","title":{"rendered":"O esp\u00edrito de unidade"},"content":{"rendered":"<p><em>O corpo \u00e9 uma unidade [&#8230;] assim tamb\u00e9m com respeito a Cristo. Pois em um s\u00f3 corpo todos n\u00f3s fomos batizados em um \u00fanico Esp\u00edrito: quer judeus, quer gregos, quer escravos, quer livres. E a todos n\u00f3s foi dado beber de um \u00fanico Esp\u00edrito. (<\/em>1 Cor\u00edntios 12.12-13)<\/p>\n<p>Sabemos, a partir da leitura de 1 Cor\u00edntios 1, que a igreja de Corinto estava dividida em diversas fac\u00e7\u00f5es. Para compreender melhor a mensagem de hoje, n\u00e3o podemos perder de vista esse contexto de divis\u00e3o. Paulo enfatiza que h\u00e1 somente um Esp\u00edrito Santo e que ele \u00e9 o Esp\u00edrito de unidade. Sete ou oito vezes na primeira metade do cap\u00edtulo 12 ele \u00e9 chamado de \u201co Esp\u00edrito\u201d ou \u201co mesmo Esp\u00edrito\u201d. Paulo refor\u00e7a esse conceito atrav\u00e9s de tr\u00eas declara\u00e7\u00f5es fortes e unificadoras:<\/p>\n<p>Primeiro, todos os que confessam que \u201cJesus \u00e9 Senhor\u201d foram <em>iluminados <\/em>pelo mesmo Esp\u00edrito (v. 1-3). Esse ainda \u00e9 um teste confi\u00e1vel e pode ser aplicado a qualquer pessoa ou movimento. O trabalho caracter\u00edstico do Esp\u00edrito Santo \u00e9 glorificar a Jesus. N\u00e3o devemos separar o Esp\u00edrito Santo das demais pessoas da Trindade.<\/p>\n<p>Segundo, todos os que creem foram <em>enriquecidos <\/em>pelo mesmo Esp\u00edrito com diferentes dons (v. 4-11). H\u00e1 cinco listas de dons espirituais no Novo Testa\u00admento. Juntos, eles somam no m\u00ednimo vinte e um. Alguns s\u00e3o bastante co\u00admuns, como os dons relacionados \u00e0 administra\u00e7\u00e3o, obras de miseric\u00f3rdia e contribui\u00e7\u00e3o financeira. Todos eles visam \u201co bem comum\u201d (v. 7) e, quanto mais eles edificam a igreja, mais importantes s\u00e3o (14.12).<\/p>\n<p>Terceiro, todos n\u00f3s fomos <em>batizados <\/em>no mesmo Esp\u00edrito no corpo de Cristo (12.13). \u00c9 de conhecimento geral que os crist\u00e3os pentecostais e caris\u00adm\u00e1ticos consideram o batismo do Esp\u00edrito como uma segunda experi\u00eancia, subsequente \u00e0 convers\u00e3o e ao novo nascimento, e que alguns crist\u00e3os recebem e outros n\u00e3o (embora todos possam receber). O texto de hoje, no entanto, parece contradizer esse ensino, pois nele, de acordo com o ap\u00f3stolo Paulo, fomos todos batizados em um \u00fanico Esp\u00edrito e bebemos todos do mesmo Esp\u00edrito. O dom do Esp\u00edrito, apresentado agora como um batismo e como um beber, \u00e9 privil\u00e9gio de todos os crentes. \u201cSe algu\u00e9m n\u00e3o tem o Esp\u00edrito de Cristo, n\u00e3o pertence a Cristo\u201d (Rm 8.9).<\/p>\n<p>Para saber mais: 1 Cor\u00edntios 12.1-13<strong>\u00a0<\/strong><\/p>\n<p><strong>\u00a0<\/strong><\/p>\n<p><strong>&gt;&gt; Retirado de\u00a0<em><a href=\"https:\/\/www.ultimato.com.br\/loja\/produtos\/a-biblia-toda-o-ano-todo-1\">A B\u00edblia Toda, o Ano Todo<\/a><\/em>\u00a0[John Stott]. <\/strong><strong>Editora Ultimato.<\/strong><\/p>\n<p><strong>Ou\u00e7a e compartilhe nossas devocionais pelo <a href=\"https:\/\/open.spotify.com\/show\/7CG8DL9dgWZEgPzX3rnk51?si=1dbGejI2TQS16eamNjb2rA\">Spotify<\/a>!<\/strong><\/p>\n","protected":false},"excerpt":{"rendered":"<p>O corpo \u00e9 uma unidade [&#8230;] assim tamb\u00e9m com respeito a Cristo. Pois em um s\u00f3 corpo todos n\u00f3s fomos batizados em um \u00fanico Esp\u00edrito: quer judeus, quer gregos, quer escravos, quer livres. E a todos n\u00f3s foi dado beber de um \u00fanico Esp\u00edrito. (1 Cor\u00edntios 12.12-13) Sabemos, a partir da leitura de 1 Cor\u00edntios [&hellip;]<\/p>\n","protected":false},"author":21,"featured_media":166,"comment_status":"open","ping_status":"open","sticky":false,"template":"","format":"standard","meta":{"ngg_post_thumbnail":0,"footnotes":""},"categories":[5668],"tags":[],"class_list":["post-10252","post","type-post","status-publish","format-standard","has-post-thumbnail","hentry","category-john-stott"],"publishpress_future_action":{"enabled":false,"date":"2026-05-04 17:56:58","action":"change-status","newStatus":"draft","terms":[],"taxonomy":"category","extraData":[]},"publishpress_future_workflow_manual_trigger":{"enabledWorkflows":[]},"_links":{"self":[{"href":"https:\/\/ultimato.com.br\/sites\/devocional-diaria\/wp-json\/wp\/v2\/posts\/10252","targetHints":{"allow":["GET"]}}],"collection":[{"href":"https:\/\/ultimato.com.br\/sites\/devocional-diaria\/wp-json\/wp\/v2\/posts"}],"about":[{"href":"https:\/\/ultimato.com.br\/sites\/devocional-diaria\/wp-json\/wp\/v2\/types\/post"}],"author":[{"embeddable":true,"href":"https:\/\/ultimato.com.br\/sites\/devocional-diaria\/wp-json\/wp\/v2\/users\/21"}],"replies":[{"embeddable":true,"href":"https:\/\/ultimato.com.br\/sites\/devocional-diaria\/wp-json\/wp\/v2\/comments?post=10252"}],"version-history":[{"count":1,"href":"https:\/\/ultimato.com.br\/sites\/devocional-diaria\/wp-json\/wp\/v2\/posts\/10252\/revisions"}],"predecessor-version":[{"id":10253,"href":"https:\/\/ultimato.com.br\/sites\/devocional-diaria\/wp-json\/wp\/v2\/posts\/10252\/revisions\/10253"}],"wp:featuredmedia":[{"embeddable":true,"href":"https:\/\/ultimato.com.br\/sites\/devocional-diaria\/wp-json\/wp\/v2\/media\/166"}],"wp:attachment":[{"href":"https:\/\/ultimato.com.br\/sites\/devocional-diaria\/wp-json\/wp\/v2\/media?parent=10252"}],"wp:term":[{"taxonomy":"category","embeddable":true,"href":"https:\/\/ultimato.com.br\/sites\/devocional-diaria\/wp-json\/wp\/v2\/categories?post=10252"},{"taxonomy":"post_tag","embeddable":true,"href":"https:\/\/ultimato.com.br\/sites\/devocional-diaria\/wp-json\/wp\/v2\/tags?post=10252"}],"curies":[{"name":"wp","href":"https:\/\/api.w.org\/{rel}","templated":true}]}}