{"id":10250,"date":"2023-02-11T00:00:55","date_gmt":"2023-02-11T02:00:55","guid":{"rendered":"https:\/\/ultimato.com.br\/sites\/devocional-diaria\/?p=10250"},"modified":"2023-01-27T16:14:04","modified_gmt":"2023-01-27T18:14:04","slug":"disciplina-produz-liberdade","status":"publish","type":"post","link":"https:\/\/ultimato.com.br\/sites\/devocional-diaria\/2023\/02\/11\/autor\/stanley-jones\/disciplina-produz-liberdade\/","title":{"rendered":"Disciplina produz liberdade\u00a0"},"content":{"rendered":"<p>(Romanos 8.1-2, 5-6)<\/p>\n<p>Disciplina n\u00e3o \u00e9 algo que nos \u00e9 imposto. \u00c9 a descoberta das leis do nosso ser\u00a0e a conclus\u00e3o de que elas s\u00e3o as leis de Deus. \u201cComo s\u00e3o felizes os que obedecem\u00a0aos seus estatutos e de todo o cora\u00e7\u00e3o o buscam!\u201d (Sl 119.2). O oposto poderia ser:\u00a0\u201cComo s\u00e3o infelizes os que obedecem \u00e0s pr\u00f3prias inclina\u00e7\u00f5es e, com o eu dividido\u00a0e em conflito, buscam a si mesmos\u201d.<\/p>\n<p>Mais uma vez, o salmista coloca assim: \u201cOs teus decretos s\u00e3o o tema da minha\u00a0can\u00e7\u00e3o em minha peregrina\u00e7\u00e3o\u201d (Sl 119.54). Os decretos tornam-se can\u00e7\u00f5es, as\u00a0leis tornam-se liberdade \u2013 cantar! A ideia da pessoa disciplinada como uma pessoa\u00a0desagrad\u00e1vel \u00e9 falsa. Pessoas disciplinadas s\u00e3o cheias de ritmo e de can\u00e7\u00f5es, pois\u00a0est\u00e3o sintonizadas com a Vida. \u00c9 verdade que Jesus disse: \u201cCada um ser\u00e1 salgado\u00a0com fogo [da disciplina]\u201d (Mc 9.49), mas esse \u201cfogo\u201d queima apenas os grilh\u00f5es.\u00a0Quando os tr\u00eas filhos hebreus foram amarrados e lan\u00e7ados na fornalha ardente,\u00a0o fogo nada fez a eles, exceto queimar suas amarras. Eles caminhavam livres pelo\u00a0fogo. E a forma de uma Quarta Pessoa estava com eles. O fogo da disciplina nada\u00a0faz a n\u00e3o ser queimar todos os grilh\u00f5es que o prendem e fazer voc\u00ea andar livre\u00a0com a Quarta Pessoa. Voc\u00ea \u00e9 \u201csalgado com o fogo\u201d. O fogo liberta voc\u00ea para se\u00a0dedicar ao que vale a pena.<\/p>\n<p>Algu\u00e9m disse: \u201cA beleza \u00e9 a purifica\u00e7\u00e3o das superfluidades\u201d. A disciplina\u00a0consome as superfluidades, limita-nos ao essencial e torna a vida bela, pois nada\u00a0desordena as coisas. Devemos disciplinar nossa vida de maneira tal que nada nos\u00a0reste a n\u00e3o ser o que vale a pena e contribui.<\/p>\n<p>A miss Am\u00e9rica de 1945 \u2013 Bess Myerson, a primeira judia norte-americana\u00a0a ser coroada miss Am\u00e9rica \u2013 abandonou os deveres que o concurso exigia para\u00a0fazer a estudantes do ensino m\u00e9dio um discurso intitulado: \u201cN\u00e3o se pode odiar\u00a0e ser bonito\u201d. E eles n\u00e3o zombaram dela, pois o \u00f3dio \u00e9 o amor indisciplinado, a\u00a0lux\u00faria \u00e9 o sexo indisciplinado, a ansiedade \u00e9 uma previs\u00e3o indisciplinada. N\u00e3o se\u00a0pode ter uma vida indisciplinada e ser bonito \u2013 porque a beleza \u00e9 a harmonia de\u00a0linhas. A disciplina traz vida \u00e0 harmonia central, direcionando-a para os grandes\u00a0fins. Disciplina \u00e9 desenvolvimento em harmonia.<\/p>\n<p><em>\u00d3 Cristo, sei que devo me entregar \u00e0 disciplina de algo: \u00e0 disciplina das press\u00f5es que\u00a0me cercam ou \u00e0 disciplina da tua vontade e dos teus prop\u00f3sitos. Se eu tomar o primeiro\u00a0caminho, perecerei. Se tomar o segundo, viverei para sempre. Ajuda-me. Am\u00e9m.\u00a0<\/em><\/p>\n<p>Afirma\u00e7\u00e3o do dia: \u201cComo \u00e9 feliz o homem a quem disciplinas, Senhor, aquele a\u00a0quem ensinas a tua lei; tranquilo, enfrentar\u00e1 os dias maus\u201d (Sl 94.12-13).<\/p>\n<p><strong>\u00a0<\/strong><\/p>\n<p><strong>&gt;&gt; Retirado de\u00a0<em><a href=\"https:\/\/www.ultimato.com.br\/loja\/produtos\/o-caminho\">O Caminho<\/a><\/em> [Stanley Jones]. Editora Ultimato.<\/strong><\/p>\n<p>Ou\u00e7a e compartilhe nossas devocionais pelo <a href=\"https:\/\/open.spotify.com\/show\/7CG8DL9dgWZEgPzX3rnk51?si=1dbGejI2TQS16eamNjb2rA\">Spotify<\/a>!<\/p>\n","protected":false},"excerpt":{"rendered":"<p>(Romanos 8.1-2, 5-6) Disciplina n\u00e3o \u00e9 algo que nos \u00e9 imposto. \u00c9 a descoberta das leis do nosso ser\u00a0e a conclus\u00e3o de que elas s\u00e3o as leis de Deus. \u201cComo s\u00e3o felizes os que obedecem\u00a0aos seus estatutos e de todo o cora\u00e7\u00e3o o buscam!\u201d (Sl 119.2). O oposto poderia ser:\u00a0\u201cComo s\u00e3o infelizes os que obedecem [&hellip;]<\/p>\n","protected":false},"author":21,"featured_media":157,"comment_status":"open","ping_status":"open","sticky":false,"template":"","format":"standard","meta":{"ngg_post_thumbnail":0,"footnotes":""},"categories":[40852],"tags":[],"class_list":["post-10250","post","type-post","status-publish","format-standard","has-post-thumbnail","hentry","category-stanley-jones"],"publishpress_future_action":{"enabled":false,"date":"2026-05-04 16:29:51","action":"change-status","newStatus":"draft","terms":[],"taxonomy":"category","extraData":[]},"publishpress_future_workflow_manual_trigger":{"enabledWorkflows":[]},"_links":{"self":[{"href":"https:\/\/ultimato.com.br\/sites\/devocional-diaria\/wp-json\/wp\/v2\/posts\/10250","targetHints":{"allow":["GET"]}}],"collection":[{"href":"https:\/\/ultimato.com.br\/sites\/devocional-diaria\/wp-json\/wp\/v2\/posts"}],"about":[{"href":"https:\/\/ultimato.com.br\/sites\/devocional-diaria\/wp-json\/wp\/v2\/types\/post"}],"author":[{"embeddable":true,"href":"https:\/\/ultimato.com.br\/sites\/devocional-diaria\/wp-json\/wp\/v2\/users\/21"}],"replies":[{"embeddable":true,"href":"https:\/\/ultimato.com.br\/sites\/devocional-diaria\/wp-json\/wp\/v2\/comments?post=10250"}],"version-history":[{"count":1,"href":"https:\/\/ultimato.com.br\/sites\/devocional-diaria\/wp-json\/wp\/v2\/posts\/10250\/revisions"}],"predecessor-version":[{"id":10251,"href":"https:\/\/ultimato.com.br\/sites\/devocional-diaria\/wp-json\/wp\/v2\/posts\/10250\/revisions\/10251"}],"wp:featuredmedia":[{"embeddable":true,"href":"https:\/\/ultimato.com.br\/sites\/devocional-diaria\/wp-json\/wp\/v2\/media\/157"}],"wp:attachment":[{"href":"https:\/\/ultimato.com.br\/sites\/devocional-diaria\/wp-json\/wp\/v2\/media?parent=10250"}],"wp:term":[{"taxonomy":"category","embeddable":true,"href":"https:\/\/ultimato.com.br\/sites\/devocional-diaria\/wp-json\/wp\/v2\/categories?post=10250"},{"taxonomy":"post_tag","embeddable":true,"href":"https:\/\/ultimato.com.br\/sites\/devocional-diaria\/wp-json\/wp\/v2\/tags?post=10250"}],"curies":[{"name":"wp","href":"https:\/\/api.w.org\/{rel}","templated":true}]}}