{"id":10248,"date":"2023-02-10T00:00:48","date_gmt":"2023-02-10T02:00:48","guid":{"rendered":"https:\/\/ultimato.com.br\/sites\/devocional-diaria\/?p=10248"},"modified":"2023-01-27T16:10:52","modified_gmt":"2023-01-27T18:10:52","slug":"apego-2","status":"publish","type":"post","link":"https:\/\/ultimato.com.br\/sites\/devocional-diaria\/2023\/02\/10\/autor\/gerson-borges\/apego-2\/","title":{"rendered":"Apego"},"content":{"rendered":"<p>Agora escolham a vida, para que voc\u00eas e os seus filhos vivam, e para que voc\u00eas\u00a0amem o Senhor, o seu Deus, ou\u00e7am a sua voz e se apeguem firmemente a ele.\u00a0Pois o Senhor \u00e9 a sua vida, e ele dar\u00e1 a voc\u00eas muitos anos na terra que jurou dar\u00a0aos seus antepassados, Abra\u00e3o, Isaque e Jac\u00f3. [Deuteron\u00f4mio 30.19-2]<\/p>\n<p>Somos o que amamos, conquanto nem sempre amemos o que somos.\u00a0N\u00e3o somos o que pensamos. N\u00e3o \u00e9 a raz\u00e3o cartesiana que define nosso car\u00e1ter\u00a0e personalidade. Desconfie da tal racionalidade humana. Basta ler os jornais.\u00a0N\u00e3o estou descartando a validade do pensamento e m\u00e9todo cient\u00edfico.\u00a0Meu problema \u00e9 com esta mania da ci\u00eancia de esvaziar a emo\u00e7\u00e3o, marginalizar\u00a0o afeto&#8230; J\u00e1 reparou que pedimos desculpa por chorar em p\u00fablico?<\/p>\n<p>Essa pondera\u00e7\u00e3o me vem \u00e0 mente \u2013 e ao cora\u00e7\u00e3o \u2013 sempre que releio o\u00a0conselho derradeiro de Moises: \u201cApeguem-se a Deus!\u201d. Escolher a vida \u00e9 uma\u00a0decis\u00e3o afetiva. Escolher viver de verdade \u00e9 uma paix\u00e3o. Deus n\u00e3o \u00e9 um acess\u00f3rio\u00a0\u00e0 vida: ele \u00e9 nossa vida! E a vida brota, floresce e frutifica do cora\u00e7\u00e3o.\u00a0Precisamos de um cristianismo mais afetivo e existencial.<\/p>\n<p>Eu desejo te desejar, Senhor. Eu quero te querer, Deus amado. Toca no profundo\u00a0de meu cora\u00e7\u00e3o. Batiza-me neste amor que brota de teu amor, esta eterna\u00a0comunh\u00e3o que habita a Trindade. Am\u00e9m.<strong>\u00a0<\/strong><\/p>\n<p><strong>\u00a0<\/strong><\/p>\n<p><strong>&gt;&gt; Retirado de\u00a0<em><a href=\"https:\/\/www.ultimato.com.br\/loja\/produtos\/refeicoes-diarias-celebrando-a-reconciliacao\">Refei\u00e7\u00f5es Di\u00e1rias \u2013 Celebrando a Reconcilia\u00e7\u00e3o<\/a><\/em>. Editora Ultimato.<\/strong><\/p>\n<p>Ou\u00e7a e compartilhe nossas devocionais pelo <a href=\"https:\/\/open.spotify.com\/show\/7CG8DL9dgWZEgPzX3rnk51?si=1dbGejI2TQS16eamNjb2rA\">Spotify<\/a>!<\/p>\n<p><iframe loading=\"lazy\" style=\"border-radius: 12px;\" src=\"https:\/\/open.spotify.com\/embed\/show\/7CG8DL9dgWZEgPzX3rnk51?utm_source=generator&amp;theme=0\" width=\"100%\" height=\"152\" frameborder=\"0\" allowfullscreen=\"allowfullscreen\"><\/iframe><\/p>\n","protected":false},"excerpt":{"rendered":"<p>Agora escolham a vida, para que voc\u00eas e os seus filhos vivam, e para que voc\u00eas\u00a0amem o Senhor, o seu Deus, ou\u00e7am a sua voz e se apeguem firmemente a ele.\u00a0Pois o Senhor \u00e9 a sua vida, e ele dar\u00e1 a voc\u00eas muitos anos na terra que jurou dar\u00a0aos seus antepassados, Abra\u00e3o, Isaque e Jac\u00f3. [&hellip;]<\/p>\n","protected":false},"author":21,"featured_media":161,"comment_status":"open","ping_status":"open","sticky":false,"template":"","format":"standard","meta":{"ngg_post_thumbnail":0,"footnotes":""},"categories":[166],"tags":[],"class_list":["post-10248","post","type-post","status-publish","format-standard","has-post-thumbnail","hentry","category-gerson-borges"],"publishpress_future_action":{"enabled":false,"date":"2026-05-04 17:56:58","action":"change-status","newStatus":"draft","terms":[],"taxonomy":"category","extraData":[]},"publishpress_future_workflow_manual_trigger":{"enabledWorkflows":[]},"_links":{"self":[{"href":"https:\/\/ultimato.com.br\/sites\/devocional-diaria\/wp-json\/wp\/v2\/posts\/10248","targetHints":{"allow":["GET"]}}],"collection":[{"href":"https:\/\/ultimato.com.br\/sites\/devocional-diaria\/wp-json\/wp\/v2\/posts"}],"about":[{"href":"https:\/\/ultimato.com.br\/sites\/devocional-diaria\/wp-json\/wp\/v2\/types\/post"}],"author":[{"embeddable":true,"href":"https:\/\/ultimato.com.br\/sites\/devocional-diaria\/wp-json\/wp\/v2\/users\/21"}],"replies":[{"embeddable":true,"href":"https:\/\/ultimato.com.br\/sites\/devocional-diaria\/wp-json\/wp\/v2\/comments?post=10248"}],"version-history":[{"count":1,"href":"https:\/\/ultimato.com.br\/sites\/devocional-diaria\/wp-json\/wp\/v2\/posts\/10248\/revisions"}],"predecessor-version":[{"id":10249,"href":"https:\/\/ultimato.com.br\/sites\/devocional-diaria\/wp-json\/wp\/v2\/posts\/10248\/revisions\/10249"}],"wp:featuredmedia":[{"embeddable":true,"href":"https:\/\/ultimato.com.br\/sites\/devocional-diaria\/wp-json\/wp\/v2\/media\/161"}],"wp:attachment":[{"href":"https:\/\/ultimato.com.br\/sites\/devocional-diaria\/wp-json\/wp\/v2\/media?parent=10248"}],"wp:term":[{"taxonomy":"category","embeddable":true,"href":"https:\/\/ultimato.com.br\/sites\/devocional-diaria\/wp-json\/wp\/v2\/categories?post=10248"},{"taxonomy":"post_tag","embeddable":true,"href":"https:\/\/ultimato.com.br\/sites\/devocional-diaria\/wp-json\/wp\/v2\/tags?post=10248"}],"curies":[{"name":"wp","href":"https:\/\/api.w.org\/{rel}","templated":true}]}}