{"id":10246,"date":"2023-02-09T00:00:13","date_gmt":"2023-02-09T02:00:13","guid":{"rendered":"https:\/\/ultimato.com.br\/sites\/devocional-diaria\/?p=10246"},"modified":"2023-01-27T16:08:46","modified_gmt":"2023-01-27T18:08:46","slug":"prontos-para-sofrer-2","status":"publish","type":"post","link":"https:\/\/ultimato.com.br\/sites\/devocional-diaria\/2023\/02\/09\/autor\/elben-cesar\/prontos-para-sofrer-2\/","title":{"rendered":"Prontos para sofrer"},"content":{"rendered":"<p>Assim como Cristo sofreu no corpo, voc\u00eas tamb\u00e9m devem estar prontos,\u00a0como ele estava, para sofrer. (1Pe 4.1)<\/p>\n<p>N\u00e3o devemos dizer em voz baixa (s\u00f3 para n\u00f3s) nem em voz alta (para todo\u00a0mundo ouvir) que estamos prontos para sofrer. Frequentemente, ainda n\u00e3o\u00a0estamos. Ser\u00e1 preciso mais alguns passos, ou muitos outros passos para chegarmos\u00a0a essa disposi\u00e7\u00e3o. Mesmo depois de ser advertido por Jesus a respeito da\u00a0tenta\u00e7\u00e3o diab\u00f3lica pela qual passaria, Pedro exclamou euforicamente: \u201cEstou\u00a0pronto para ser preso e morrer com o Senhor!\u201d (Lc 22.33). Por\u00e9m, \u00e0quela\u00a0altura, nem ele nem os outros disc\u00edpulos estavam prontos para tanto. Mas se\u00a0n\u00e3o estivesse pronto nesse momento, quando estava escrevendo sua primeira\u00a0carta, Pedro n\u00e3o teria tido a coragem de pedir aos irm\u00e3os da \u00c1sia Menor:\u00a0\u201cVoc\u00eas devem estar prontos para sofrer\u201d.<\/p>\n<p>Em nosso entusiasmo pelo reino, muitas vezes emitimos cheques de valor\u00a0alto sem fundo. Eles voltam e n\u00f3s passamos vergonha. O entusiasmo n\u00e3o \u00e9\u00a0um mal. Ao contr\u00e1rio, \u00e9 uma b\u00ean\u00e7\u00e3o! Ele nos faz sair da rotina, do marasmo,\u00a0da acomoda\u00e7\u00e3o, da frieza. Mas o entusiasmo n\u00e3o superficial exige maturidade,\u00a0experi\u00eancia, modera\u00e7\u00e3o, profundidade, amor apaixonado. Algo feito sem entusiasmo\u00a0\u00e9 mec\u00e2nico, n\u00e3o t\u00eam \u00f3leo. O trabalho desenvolvido com entusiasmo\u00a0\u00e9 leve, gostoso, benfeito e deixa um sentimento muito grande de satisfa\u00e7\u00e3o.<\/p>\n<p>Pedro \u00e9 muito corajoso: \u201cEstejam prontos para sofrer\u201d. Poucos pregadores\u00a0e pastores hoje diriam algo assim. No momento, o mais comum \u00e9 ouvir:\u00a0\u201cEstejam prontos para vencer!\u201d, \u201cEstejam prontos para o sucesso!\u201d, \u201cEstejam\u00a0prontos para a b\u00ean\u00e7\u00e3o!\u201d.<\/p>\n<p>O \u201cestejam prontos\u201d de Pedro sugere n\u00e3o apenas decis\u00e3o, disposi\u00e7\u00e3o e\u00a0coragem, mas tamb\u00e9m todo preparo poss\u00edvel, tanto emocional como espiritual.\u00a0N\u00e3o se trata de um sofrimento perdido, desnecess\u00e1rio, autoinfligido,\u00a0masoquista, mas um sofrimento como o de Cristo e por causa de Cristo.<\/p>\n<p>Morrer para o pecado implica inevitavelmente sofrimento!<strong>\u00a0<\/strong><\/p>\n<p><strong>\u00a0<\/strong><\/p>\n<p><strong>&gt;&gt; Retirado de\u00a0<em><a href=\"https:\/\/www.ultimato.com.br\/loja\/produtos\/refeicoes-diarias-com-os-discipulos\">Refei\u00e7\u00f5es Di\u00e1rias com os Disc\u00edpulos<\/a><\/em> [Elben C\u00e9sar]. <\/strong><strong>Editora Ultimato.<\/strong><strong>\u00a0<\/strong><\/p>\n<p>Ou\u00e7a e compartilhe nossas devocionais pelo <a href=\"https:\/\/open.spotify.com\/show\/7CG8DL9dgWZEgPzX3rnk51?si=1dbGejI2TQS16eamNjb2rA\">Spotify<\/a>!<\/p>\n<p><iframe loading=\"lazy\" style=\"border-radius: 12px;\" src=\"https:\/\/open.spotify.com\/embed\/show\/7CG8DL9dgWZEgPzX3rnk51?utm_source=generator&amp;theme=0\" width=\"100%\" height=\"152\" frameborder=\"0\" allowfullscreen=\"allowfullscreen\"><\/iframe><\/p>\n","protected":false},"excerpt":{"rendered":"<p>Assim como Cristo sofreu no corpo, voc\u00eas tamb\u00e9m devem estar prontos,\u00a0como ele estava, para sofrer. (1Pe 4.1) N\u00e3o devemos dizer em voz baixa (s\u00f3 para n\u00f3s) nem em voz alta (para todo\u00a0mundo ouvir) que estamos prontos para sofrer. Frequentemente, ainda n\u00e3o\u00a0estamos. Ser\u00e1 preciso mais alguns passos, ou muitos outros passos para chegarmos\u00a0a essa disposi\u00e7\u00e3o. Mesmo [&hellip;]<\/p>\n","protected":false},"author":21,"featured_media":162,"comment_status":"open","ping_status":"open","sticky":false,"template":"","format":"standard","meta":{"ngg_post_thumbnail":0,"footnotes":""},"categories":[5478],"tags":[],"class_list":["post-10246","post","type-post","status-publish","format-standard","has-post-thumbnail","hentry","category-elben-cesar"],"publishpress_future_action":{"enabled":false,"date":"2026-05-04 19:24:13","action":"change-status","newStatus":"draft","terms":[],"taxonomy":"category","extraData":[]},"publishpress_future_workflow_manual_trigger":{"enabledWorkflows":[]},"_links":{"self":[{"href":"https:\/\/ultimato.com.br\/sites\/devocional-diaria\/wp-json\/wp\/v2\/posts\/10246","targetHints":{"allow":["GET"]}}],"collection":[{"href":"https:\/\/ultimato.com.br\/sites\/devocional-diaria\/wp-json\/wp\/v2\/posts"}],"about":[{"href":"https:\/\/ultimato.com.br\/sites\/devocional-diaria\/wp-json\/wp\/v2\/types\/post"}],"author":[{"embeddable":true,"href":"https:\/\/ultimato.com.br\/sites\/devocional-diaria\/wp-json\/wp\/v2\/users\/21"}],"replies":[{"embeddable":true,"href":"https:\/\/ultimato.com.br\/sites\/devocional-diaria\/wp-json\/wp\/v2\/comments?post=10246"}],"version-history":[{"count":1,"href":"https:\/\/ultimato.com.br\/sites\/devocional-diaria\/wp-json\/wp\/v2\/posts\/10246\/revisions"}],"predecessor-version":[{"id":10247,"href":"https:\/\/ultimato.com.br\/sites\/devocional-diaria\/wp-json\/wp\/v2\/posts\/10246\/revisions\/10247"}],"wp:featuredmedia":[{"embeddable":true,"href":"https:\/\/ultimato.com.br\/sites\/devocional-diaria\/wp-json\/wp\/v2\/media\/162"}],"wp:attachment":[{"href":"https:\/\/ultimato.com.br\/sites\/devocional-diaria\/wp-json\/wp\/v2\/media?parent=10246"}],"wp:term":[{"taxonomy":"category","embeddable":true,"href":"https:\/\/ultimato.com.br\/sites\/devocional-diaria\/wp-json\/wp\/v2\/categories?post=10246"},{"taxonomy":"post_tag","embeddable":true,"href":"https:\/\/ultimato.com.br\/sites\/devocional-diaria\/wp-json\/wp\/v2\/tags?post=10246"}],"curies":[{"name":"wp","href":"https:\/\/api.w.org\/{rel}","templated":true}]}}