{"id":10244,"date":"2023-02-08T00:00:38","date_gmt":"2023-02-08T02:00:38","guid":{"rendered":"https:\/\/ultimato.com.br\/sites\/devocional-diaria\/?p=10244"},"modified":"2023-01-27T16:06:09","modified_gmt":"2023-01-27T18:06:09","slug":"adoracao-e-suplica","status":"publish","type":"post","link":"https:\/\/ultimato.com.br\/sites\/devocional-diaria\/2023\/02\/08\/autor\/elben-cesar\/adoracao-e-suplica\/","title":{"rendered":"Adora\u00e7\u00e3o e s\u00faplica"},"content":{"rendered":"<p>Em Deus nos gloriamos o tempo todo, e louvaremos o teu nome para sempre. (Sl 44.8)<\/p>\n<p>No mesmo salmo, o poeta faz duas declara\u00e7\u00f5es contradit\u00f3rias: \u201cEm Deus nos gloriamos o tempo todo\u201d e \u201cSofro humilha\u00e7\u00e3o o tempo todo\u201d (Sl 44.8, 15). Afinal, ele est\u00e1 bem ou est\u00e1 mal?<\/p>\n<p>N\u00e3o h\u00e1 contradi\u00e7\u00e3o alguma. Por causa da hist\u00f3ria da interven\u00e7\u00e3o de Deus no meio do povo, o salmista se gloria nele o tempo todo. Por causa da situa\u00e7\u00e3o presente, o salmista sofre humilha\u00e7\u00e3o o tempo todo.<\/p>\n<p>\u00c9 sempre assim. Passado o medo, vencidas as circunst\u00e2ncias esmagadoras e resolvidos todos os problemas gra\u00e7as \u00e0 miseric\u00f3rdia do Senhor \u2013 o ser humano se alegra em seu cora\u00e7\u00e3o, deixa para tr\u00e1s o sem\u00adblante triste e em Deus se gloria o tempo todo. Mas, em meio a novos perigos e novos problemas, ele se esquece das liberta\u00e7\u00f5es anteriores e come\u00e7a a sofrer humilha\u00e7\u00e3o o tempo todo e tem o seu rosto \u201ccoberto de vergonha\u201d (Sl 44.15).<\/p>\n<p>O estado emocional em uma situa\u00e7\u00e3o \u00e9 diferente do estado emocio\u00adnal na outra situa\u00e7\u00e3o. O salmista sente-se muito seguro e adorador o tempo todo na primeira situa\u00e7\u00e3o, e muito inseguro e suplicante o tempo todo na segunda situa\u00e7\u00e3o. Esses sentimentos s\u00e3o absolutamente normais na esp\u00e9cie humana, antes da plenitude da salva\u00e7\u00e3o.<strong>\u00a0<\/strong><\/p>\n<p><strong>\u00a0<\/strong><\/p>\n<p><strong>&gt;&gt; Retirado de\u00a0<em><a href=\"https:\/\/www.ultimato.com.br\/loja\/produtos\/um-ano-com-os-salmos\">Um Ano com os Salmos<\/a><\/em> [Elben C\u00e9sar]. <\/strong><strong>Editora Ultimato.<\/strong><strong>\u00a0<\/strong><\/p>\n<p>Ou\u00e7a e compartilhe nossas devocionais pelo <a href=\"https:\/\/open.spotify.com\/show\/7CG8DL9dgWZEgPzX3rnk51?si=1dbGejI2TQS16eamNjb2rA\">Spotify<\/a>!<\/p>\n<p><iframe loading=\"lazy\" style=\"border-radius: 12px;\" src=\"https:\/\/open.spotify.com\/embed\/show\/7CG8DL9dgWZEgPzX3rnk51?utm_source=generator&amp;theme=0\" width=\"100%\" height=\"152\" frameborder=\"0\" allowfullscreen=\"allowfullscreen\"><\/iframe><\/p>\n","protected":false},"excerpt":{"rendered":"<p>Em Deus nos gloriamos o tempo todo, e louvaremos o teu nome para sempre. (Sl 44.8) No mesmo salmo, o poeta faz duas declara\u00e7\u00f5es contradit\u00f3rias: \u201cEm Deus nos gloriamos o tempo todo\u201d e \u201cSofro humilha\u00e7\u00e3o o tempo todo\u201d (Sl 44.8, 15). Afinal, ele est\u00e1 bem ou est\u00e1 mal? N\u00e3o h\u00e1 contradi\u00e7\u00e3o alguma. Por causa da [&hellip;]<\/p>\n","protected":false},"author":21,"featured_media":163,"comment_status":"open","ping_status":"open","sticky":false,"template":"","format":"standard","meta":{"ngg_post_thumbnail":0,"footnotes":""},"categories":[5478],"tags":[],"class_list":["post-10244","post","type-post","status-publish","format-standard","has-post-thumbnail","hentry","category-elben-cesar"],"publishpress_future_action":{"enabled":false,"date":"2026-05-04 20:43:02","action":"change-status","newStatus":"draft","terms":[],"taxonomy":"category","extraData":[]},"publishpress_future_workflow_manual_trigger":{"enabledWorkflows":[]},"_links":{"self":[{"href":"https:\/\/ultimato.com.br\/sites\/devocional-diaria\/wp-json\/wp\/v2\/posts\/10244","targetHints":{"allow":["GET"]}}],"collection":[{"href":"https:\/\/ultimato.com.br\/sites\/devocional-diaria\/wp-json\/wp\/v2\/posts"}],"about":[{"href":"https:\/\/ultimato.com.br\/sites\/devocional-diaria\/wp-json\/wp\/v2\/types\/post"}],"author":[{"embeddable":true,"href":"https:\/\/ultimato.com.br\/sites\/devocional-diaria\/wp-json\/wp\/v2\/users\/21"}],"replies":[{"embeddable":true,"href":"https:\/\/ultimato.com.br\/sites\/devocional-diaria\/wp-json\/wp\/v2\/comments?post=10244"}],"version-history":[{"count":1,"href":"https:\/\/ultimato.com.br\/sites\/devocional-diaria\/wp-json\/wp\/v2\/posts\/10244\/revisions"}],"predecessor-version":[{"id":10245,"href":"https:\/\/ultimato.com.br\/sites\/devocional-diaria\/wp-json\/wp\/v2\/posts\/10244\/revisions\/10245"}],"wp:featuredmedia":[{"embeddable":true,"href":"https:\/\/ultimato.com.br\/sites\/devocional-diaria\/wp-json\/wp\/v2\/media\/163"}],"wp:attachment":[{"href":"https:\/\/ultimato.com.br\/sites\/devocional-diaria\/wp-json\/wp\/v2\/media?parent=10244"}],"wp:term":[{"taxonomy":"category","embeddable":true,"href":"https:\/\/ultimato.com.br\/sites\/devocional-diaria\/wp-json\/wp\/v2\/categories?post=10244"},{"taxonomy":"post_tag","embeddable":true,"href":"https:\/\/ultimato.com.br\/sites\/devocional-diaria\/wp-json\/wp\/v2\/tags?post=10244"}],"curies":[{"name":"wp","href":"https:\/\/api.w.org\/{rel}","templated":true}]}}