{"id":10240,"date":"2023-02-06T00:00:33","date_gmt":"2023-02-06T02:00:33","guid":{"rendered":"https:\/\/ultimato.com.br\/sites\/devocional-diaria\/?p=10240"},"modified":"2023-01-27T15:57:48","modified_gmt":"2023-01-27T17:57:48","slug":"o-jesus-da-biblia-2","status":"publish","type":"post","link":"https:\/\/ultimato.com.br\/sites\/devocional-diaria\/2023\/02\/06\/autor\/elben-cesar\/o-jesus-da-biblia-2\/","title":{"rendered":"O Jesus da B\u00edblia\u00a0"},"content":{"rendered":"<p>E, entrando em Jerusal\u00e9m, toda a cidade se alvoro\u00e7ou, e perguntavam:\u00a0Quem \u00e9 este? (Mt 21.10)<\/p>\n<p>Qualquer pessoa se empolga com o Jesus da B\u00edblia. \u00c9 uma personalidade\u00a0fascinante, que re\u00fane numa \u00fanica pessoa o humano e o divino, na qual n\u00e3o\u00a0existem lacunas nem sen\u00f5es e a plenitude \u00e9 mantida em qualquer circunst\u00e2ncia\u00a0e tempo. Ele se nos apresenta desprovido de artif\u00edcio, descomprometido\u00a0com grupos, aut\u00eantico, varonil, calmo e inatac\u00e1vel. Nele existe o perfeito\u00a0equil\u00edbrio de virtudes que nem sempre andam juntas no homem: bondade e\u00a0severidade, compaix\u00e3o e indigna\u00e7\u00e3o, justi\u00e7a e perd\u00e3o. O Jesus das Escrituras\u00a0Sagradas n\u00e3o decepciona, n\u00e3o cansa, n\u00e3o irrita. Aqueles que ministram em\u00a0seu nome podem apresentar um Jesus incompleto, distorcido, incoerente,\u00a0piegas, efeminado ou violento, capitalista ou comunista, fundamentalista\u00a0ou modernista, reacion\u00e1rio ou revolucion\u00e1rio \u2013 mas estes retratos n\u00e3o correspondem\u00a0\u00e0 realidade. \u00c9 preciso ler e reler os Evangelhos e descobrir ali o\u00a0Jesus original. \u00c9 como escreveu H. E. Alexander: \u201cPodeis vos irritar contra\u00a0as contrafa\u00e7\u00f5es, as imita\u00e7\u00f5es, as imagens efeminadas daquele que foi o mais\u00a0viril dos homens, mas n\u00e3o vos irriteis contra Jesus\u201d. No Jesus da B\u00edblia voc\u00ea\u00a0pode confiar.<strong>\u00a0<\/strong><\/p>\n<p><strong>\u00a0<\/strong><\/p>\n<p><strong>&gt;&gt; Retirado de\u00a0<em><a href=\"https:\/\/www.ultimato.com.br\/loja\/produtos\/cuide-das-raizes-espere-pelos-frutos\">Cuide das Ra\u00edzes, Espere pelos Frutos<\/a><\/em>, [Elben C\u00e9sar]. <\/strong><strong>Editora Ultimato.<\/strong><\/p>\n<p>Ou\u00e7a e compartilhe nossas devocionais pelo <a href=\"https:\/\/open.spotify.com\/show\/7CG8DL9dgWZEgPzX3rnk51?si=1dbGejI2TQS16eamNjb2rA\">Spotify<\/a>!<\/p>\n<p><iframe loading=\"lazy\" style=\"border-radius: 12px;\" src=\"https:\/\/open.spotify.com\/embed\/show\/7CG8DL9dgWZEgPzX3rnk51?utm_source=generator&amp;theme=0\" width=\"100%\" height=\"152\" frameborder=\"0\" allowfullscreen=\"allowfullscreen\"><\/iframe><\/p>\n","protected":false},"excerpt":{"rendered":"<p>E, entrando em Jerusal\u00e9m, toda a cidade se alvoro\u00e7ou, e perguntavam:\u00a0Quem \u00e9 este? (Mt 21.10) Qualquer pessoa se empolga com o Jesus da B\u00edblia. \u00c9 uma personalidade\u00a0fascinante, que re\u00fane numa \u00fanica pessoa o humano e o divino, na qual n\u00e3o\u00a0existem lacunas nem sen\u00f5es e a plenitude \u00e9 mantida em qualquer circunst\u00e2ncia\u00a0e tempo. Ele se nos [&hellip;]<\/p>\n","protected":false},"author":21,"featured_media":165,"comment_status":"open","ping_status":"open","sticky":false,"template":"","format":"standard","meta":{"ngg_post_thumbnail":0,"footnotes":""},"categories":[5478],"tags":[],"class_list":["post-10240","post","type-post","status-publish","format-standard","has-post-thumbnail","hentry","category-elben-cesar"],"publishpress_future_action":{"enabled":false,"date":"2026-05-04 19:11:56","action":"change-status","newStatus":"draft","terms":[],"taxonomy":"category","extraData":[]},"publishpress_future_workflow_manual_trigger":{"enabledWorkflows":[]},"_links":{"self":[{"href":"https:\/\/ultimato.com.br\/sites\/devocional-diaria\/wp-json\/wp\/v2\/posts\/10240","targetHints":{"allow":["GET"]}}],"collection":[{"href":"https:\/\/ultimato.com.br\/sites\/devocional-diaria\/wp-json\/wp\/v2\/posts"}],"about":[{"href":"https:\/\/ultimato.com.br\/sites\/devocional-diaria\/wp-json\/wp\/v2\/types\/post"}],"author":[{"embeddable":true,"href":"https:\/\/ultimato.com.br\/sites\/devocional-diaria\/wp-json\/wp\/v2\/users\/21"}],"replies":[{"embeddable":true,"href":"https:\/\/ultimato.com.br\/sites\/devocional-diaria\/wp-json\/wp\/v2\/comments?post=10240"}],"version-history":[{"count":1,"href":"https:\/\/ultimato.com.br\/sites\/devocional-diaria\/wp-json\/wp\/v2\/posts\/10240\/revisions"}],"predecessor-version":[{"id":10241,"href":"https:\/\/ultimato.com.br\/sites\/devocional-diaria\/wp-json\/wp\/v2\/posts\/10240\/revisions\/10241"}],"wp:featuredmedia":[{"embeddable":true,"href":"https:\/\/ultimato.com.br\/sites\/devocional-diaria\/wp-json\/wp\/v2\/media\/165"}],"wp:attachment":[{"href":"https:\/\/ultimato.com.br\/sites\/devocional-diaria\/wp-json\/wp\/v2\/media?parent=10240"}],"wp:term":[{"taxonomy":"category","embeddable":true,"href":"https:\/\/ultimato.com.br\/sites\/devocional-diaria\/wp-json\/wp\/v2\/categories?post=10240"},{"taxonomy":"post_tag","embeddable":true,"href":"https:\/\/ultimato.com.br\/sites\/devocional-diaria\/wp-json\/wp\/v2\/tags?post=10240"}],"curies":[{"name":"wp","href":"https:\/\/api.w.org\/{rel}","templated":true}]}}