{"id":10236,"date":"2023-02-04T00:00:19","date_gmt":"2023-02-04T02:00:19","guid":{"rendered":"https:\/\/ultimato.com.br\/sites\/devocional-diaria\/?p=10236"},"modified":"2023-01-27T15:51:40","modified_gmt":"2023-01-27T17:51:40","slug":"comunhao","status":"publish","type":"post","link":"https:\/\/ultimato.com.br\/sites\/devocional-diaria\/2023\/02\/04\/autor\/john-stott\/comunhao\/","title":{"rendered":"Comunh\u00e3o"},"content":{"rendered":"<p>Se, por\u00e9m, andarmos na luz, como ele est\u00e1 na luz, temos comunh\u00e3o uns com os outros. \u00a0(1 Jo\u00e3o 1.7)<\/p>\n<p>Se a primeira marca de uma igreja viva \u00e9 o estudo, a segunda \u00e9 a comunh\u00e3o, e focaremos nesse assunto hoje e amanh\u00e3. \u201cEles se dedicavam ao ensino dos ap\u00f3stolos e \u00e0 comunh\u00e3o\u201d (At 2.42). Essa \u00e9 a famosa palavra grega <em>koinonia<\/em>, que expressa nossa vida crist\u00e3 em comum, aquilo que compartilhamos como crist\u00e3os. Ela diz respeito a duas verdades complementares: aquilo de que fazemos parte e aquilo que oferecemos.<\/p>\n<p>Primeiro, <em>koinonia <\/em>expressa aquilo que compartilhamos juntos, especial\u00admente a gra\u00e7a de Deus. \u201cNossa comunh\u00e3o\u201d, escreveu o ap\u00f3stolo Jo\u00e3o, \u201c\u00e9 com o Pai e com seu Filho Jesus Cristo\u201d (1Jo 1.3); o ap\u00f3stolo Paulo acrescentou: \u201cE a comunh\u00e3o do Esp\u00edrito Santo\u201d (2Co 13.14). Assim, a comunh\u00e3o aut\u00ean\u00adtica \u00e9 uma comunh\u00e3o trinitariana, nossa participa\u00e7\u00e3o comum na comunh\u00e3o do Pai, do Filho e do Esp\u00edrito Santo. Muitos fatores nos separam \u2013 etnia, nacionalidade, cultura, g\u00eanero e idade \u2013 mas estamos unidos por termos o mesmo Pai, o mesmo Salvador e Senhor e o mesmo Esp\u00edrito que em n\u00f3s habita. \u00c9 a nossa participa\u00e7\u00e3o comum nele e em sua gra\u00e7a que nos faz um.<\/p>\n<p>Segundo, <em>koinonia <\/em>expressa tamb\u00e9m tudo aquilo que oferecemos juntos. Paulo usou a palavra <em>koinonia <\/em>para se referir \u00e0 coleta que estava organizando entre as igrejas gregas em benef\u00edcio das igrejas necessitadas da Judeia. Al\u00e9m disso, o adjetivo <em>koinonikos <\/em>significa \u201cgeneroso\u201d.<\/p>\n<p>\u00c9 neste aspecto da palavra que Lucas se concentra: Os que criam mantinham-se unidos e tinham tudo em comum. \u00a0Vendendo suas propriedades e bens, distribu\u00edam a cada um\u00a0conforme a sua necessidade. Atos 2.44-45<\/p>\n<p>Esses vers\u00edculos s\u00e3o muito perturbadores. Temos a tend\u00eancia de passar adiante rapidamente, a fim de evitar o desafio que eles suscitam em n\u00f3s. Iremos examin\u00e1-los amanh\u00e3.<\/p>\n<p>Para saber mais: Atos 4.32-35<strong>\u00a0<\/strong><\/p>\n<p><strong>\u00a0<\/strong><\/p>\n<p><strong>&gt;&gt; Retirado de\u00a0<em><a href=\"https:\/\/www.ultimato.com.br\/loja\/produtos\/a-biblia-toda-o-ano-todo-1\">A B\u00edblia Toda, o Ano Todo<\/a><\/em>\u00a0[John Stott]. Editora Ultimato.<\/strong><\/p>\n<p>Ou\u00e7a e compartilhe nossas devocionais pelo <a href=\"https:\/\/open.spotify.com\/show\/7CG8DL9dgWZEgPzX3rnk51?si=1dbGejI2TQS16eamNjb2rA\">Spotify<\/a>!<\/p>\n<p><iframe loading=\"lazy\" style=\"border-radius: 12px;\" src=\"https:\/\/open.spotify.com\/embed\/show\/7CG8DL9dgWZEgPzX3rnk51?utm_source=generator&amp;theme=0\" width=\"100%\" height=\"152\" frameborder=\"0\" allowfullscreen=\"allowfullscreen\"><\/iframe><\/p>\n","protected":false},"excerpt":{"rendered":"<p>Se, por\u00e9m, andarmos na luz, como ele est\u00e1 na luz, temos comunh\u00e3o uns com os outros. \u00a0(1 Jo\u00e3o 1.7) Se a primeira marca de uma igreja viva \u00e9 o estudo, a segunda \u00e9 a comunh\u00e3o, e focaremos nesse assunto hoje e amanh\u00e3. \u201cEles se dedicavam ao ensino dos ap\u00f3stolos e \u00e0 comunh\u00e3o\u201d (At 2.42). Essa [&hellip;]<\/p>\n","protected":false},"author":21,"featured_media":157,"comment_status":"open","ping_status":"open","sticky":false,"template":"","format":"standard","meta":{"ngg_post_thumbnail":0,"footnotes":""},"categories":[5668],"tags":[],"class_list":["post-10236","post","type-post","status-publish","format-standard","has-post-thumbnail","hentry","category-john-stott"],"publishpress_future_action":{"enabled":false,"date":"2026-05-04 19:11:57","action":"change-status","newStatus":"draft","terms":[],"taxonomy":"category","extraData":[]},"publishpress_future_workflow_manual_trigger":{"enabledWorkflows":[]},"_links":{"self":[{"href":"https:\/\/ultimato.com.br\/sites\/devocional-diaria\/wp-json\/wp\/v2\/posts\/10236","targetHints":{"allow":["GET"]}}],"collection":[{"href":"https:\/\/ultimato.com.br\/sites\/devocional-diaria\/wp-json\/wp\/v2\/posts"}],"about":[{"href":"https:\/\/ultimato.com.br\/sites\/devocional-diaria\/wp-json\/wp\/v2\/types\/post"}],"author":[{"embeddable":true,"href":"https:\/\/ultimato.com.br\/sites\/devocional-diaria\/wp-json\/wp\/v2\/users\/21"}],"replies":[{"embeddable":true,"href":"https:\/\/ultimato.com.br\/sites\/devocional-diaria\/wp-json\/wp\/v2\/comments?post=10236"}],"version-history":[{"count":1,"href":"https:\/\/ultimato.com.br\/sites\/devocional-diaria\/wp-json\/wp\/v2\/posts\/10236\/revisions"}],"predecessor-version":[{"id":10237,"href":"https:\/\/ultimato.com.br\/sites\/devocional-diaria\/wp-json\/wp\/v2\/posts\/10236\/revisions\/10237"}],"wp:featuredmedia":[{"embeddable":true,"href":"https:\/\/ultimato.com.br\/sites\/devocional-diaria\/wp-json\/wp\/v2\/media\/157"}],"wp:attachment":[{"href":"https:\/\/ultimato.com.br\/sites\/devocional-diaria\/wp-json\/wp\/v2\/media?parent=10236"}],"wp:term":[{"taxonomy":"category","embeddable":true,"href":"https:\/\/ultimato.com.br\/sites\/devocional-diaria\/wp-json\/wp\/v2\/categories?post=10236"},{"taxonomy":"post_tag","embeddable":true,"href":"https:\/\/ultimato.com.br\/sites\/devocional-diaria\/wp-json\/wp\/v2\/tags?post=10236"}],"curies":[{"name":"wp","href":"https:\/\/api.w.org\/{rel}","templated":true}]}}